{"id":11080,"date":"2025-07-22T01:09:02","date_gmt":"2025-07-21T23:09:02","guid":{"rendered":"https:\/\/colegiatadebolea.es\/enclaves-del-grial-festival-des-enclaves-2025-a-la-collegiale-de-bolea\/"},"modified":"2025-08-30T03:22:52","modified_gmt":"2025-08-30T01:22:52","slug":"enclaves-del-grial-festival-des-enclaves-2025-a-la-collegiale-de-bolea","status":"publish","type":"post","link":"https:\/\/colegiatadebolea.es\/fr\/enclaves-del-grial-festival-des-enclaves-2025-a-la-collegiale-de-bolea\/","title":{"rendered":"Enclaves del Grial, Festival des Enclaves 2025 \u00e0 la Coll\u00e9giale de Bol\u00e9a"},"content":{"rendered":"<section class=\"l-section wpb_row height_custom\"><div class=\"l-section-h i-cf\"><div class=\"g-cols vc_row via_grid cols_1 laptops-cols_inherit tablets-cols_inherit mobiles-cols_1 valign_top type_default stacking_default\"><div class=\"wpb_column vc_column_container\"><div class=\"vc_column-inner\"><div class=\"wpb_text_column\"><div class=\"wpb_wrapper\"><p>Le Festival de Musique et Patrimoine de la Hoya de Huesca <strong>EnClaves<\/strong> revient \u00e0 la Coll\u00e9giale de Bol\u00e9a au sein des <strong>EnClaves del Grail<\/strong> avec le concert Salve, festa dies <a href=\"https:\/\/aramundi.com\/\" target=\"_blank\" rel=\"noopener\">d&rsquo;Ara Mundi<\/a>.<\/p>\n<p>Le Festival <strong>EnClaves<\/strong> se poursuit en 2025 au cours du mois d&rsquo;octobre, co\u00efncidant avec les comm\u00e9morations de la naissance de San Lorenzo aux points culminants de la route du Saint Graal dans la Hoya de Huesca.<\/p>\n<p>Le <strong>11 octobre 2025<\/strong>, Ara Mundi, Javier Ares (voix) et Fer Ballar\u00edn (instrumentation) pr\u00e9senteront leur programme Salve, festa dies.<\/p>\n<\/div><\/div><div class=\"w-separator size_small\"><\/div><div class=\"w-actionbox color_light controls_right\"><div class=\"w-actionbox-text\"><h4 class=\"w-actionbox-title\">EnClaves 2005<\/h4><div class=\"w-actionbox-description\"><p>Voir le catalogue EnClaves 2025 sur hoyadehuesca.es<\/p>\n<\/div><\/div><div class=\"w-actionbox-controls\"><a class=\"w-btn us-btn-style_1\" target=\"_blank\" href=\"https:\/\/hoyadehuesca.es\/images\/catalogo-enclaves-25.pdf\"><span class=\"w-btn-label\">Continuer \u00e0 lire<\/span><\/a><\/div><\/div><div class=\"w-separator size_small\"><\/div><div class=\"wpb_text_column\"><div class=\"wpb_wrapper\"><p><a href=\"https:\/\/aramundi.com\/\" target=\"_blank\" rel=\"noopener\"><strong>ARA MUNDI<\/strong><\/a><br \/>\nSalve, festa dies<br \/>\n11 octobre \/ 12h30<\/p>\n<p>Colegiata de Santa Mar\u00eda la Mayor de Bolea<\/p>\n<p><strong>L\u2019entr\u00e9e sera gratuite jusqu\u2019\u00e0 ce que la capacit\u00e9 soit atteinte.<\/strong><\/p>\n<\/div><\/div><\/div><\/div><\/div><\/div><\/section>\n","protected":false},"excerpt":{"rendered":"Le Festival de Musique et Patrimoine de la Hoya de Huesca EnClaves revient \u00e0 la Coll\u00e9giale de Bol\u00e9a au sein des EnClaves del Grail avec le concert Salve, festa dies d&rsquo;Ara Mundi. Le Festival EnClaves se poursuit en 2025 au cours du mois d&rsquo;octobre, co\u00efncidant avec les comm\u00e9morations de la naissance de San Lorenzo aux...","protected":false},"author":2,"featured_media":10741,"comment_status":"open","ping_status":"open","sticky":false,"template":"","format":"standard","meta":{"_acf_changed":false,"footnotes":""},"categories":[105,104,107,103],"tags":[],"class_list":["post-11080","post","type-post","status-publish","format-standard","has-post-thumbnail","hentry","category-2025-fr","category-concerts-fr","category-enclaves-fr","category-la-collegiale-de-bolea"],"acf":[],"yoast_head":"<!-- This site is optimized with the Yoast SEO plugin v25.8 - https:\/\/yoast.com\/wordpress\/plugins\/seo\/ -->\n<title>Enclaves del Grial, Festival des Enclaves 2025 \u00e0 la Coll\u00e9giale de Bol\u00e9a - Asociaci\u00f3n de Amigos de la Colegiata de Bolea - Huesca<\/title>\n<meta name=\"robots\" content=\"index, follow, max-snippet:-1, max-image-preview:large, max-video-preview:-1\" \/>\n<link rel=\"canonical\" href=\"https:\/\/colegiatadebolea.es\/fr\/enclaves-del-grial-festival-des-enclaves-2025-a-la-collegiale-de-bolea\/\" \/>\n<meta property=\"og:locale\" content=\"fr_FR\" \/>\n<meta property=\"og:type\" content=\"article\" \/>\n<meta property=\"og:title\" content=\"Enclaves del Grial, Festival des Enclaves 2025 \u00e0 la Coll\u00e9giale de Bol\u00e9a - Asociaci\u00f3n de Amigos de la Colegiata de Bolea - Huesca\" \/>\n<meta property=\"og:url\" content=\"https:\/\/colegiatadebolea.es\/fr\/enclaves-del-grial-festival-des-enclaves-2025-a-la-collegiale-de-bolea\/\" \/>\n<meta property=\"og:site_name\" content=\"Asociaci\u00f3n de Amigos de la Colegiata de Bolea - Huesca\" \/>\n<meta property=\"article:publisher\" content=\"https:\/\/www.facebook.com\/pages\/ColegiatadeBolea\/915137545269794\/\" \/>\n<meta property=\"article:published_time\" content=\"2025-07-21T23:09:02+00:00\" \/>\n<meta property=\"article:modified_time\" content=\"2025-08-30T01:22:52+00:00\" \/>\n<meta property=\"og:image\" content=\"https:\/\/colegiatadebolea.es\/wp-content\/uploads\/colegiata-de-bolea-huesca-actualidad-enclaves-2025.jpg\" \/>\n\t<meta property=\"og:image:width\" content=\"1800\" \/>\n\t<meta property=\"og:image:height\" content=\"1600\" \/>\n\t<meta property=\"og:image:type\" content=\"image\/jpeg\" \/>\n<meta name=\"author\" content=\"DavidR\" \/>\n<meta name=\"twitter:card\" content=\"summary_large_image\" \/>\n<meta name=\"twitter:label1\" content=\"\u00c9crit par\" \/>\n\t<meta name=\"twitter:data1\" content=\"DavidR\" \/>\n\t<meta name=\"twitter:label2\" content=\"Dur\u00e9e de lecture estim\u00e9e\" \/>\n\t<meta name=\"twitter:data2\" content=\"1 minute\" \/>\n<script type=\"application\/ld+json\" class=\"yoast-schema-graph\">{\"@context\":\"https:\/\/schema.org\",\"@graph\":[{\"@type\":\"Article\",\"@id\":\"https:\/\/colegiatadebolea.es\/fr\/enclaves-del-grial-festival-des-enclaves-2025-a-la-collegiale-de-bolea\/#article\",\"isPartOf\":{\"@id\":\"https:\/\/colegiatadebolea.es\/fr\/enclaves-del-grial-festival-des-enclaves-2025-a-la-collegiale-de-bolea\/\"},\"author\":{\"name\":\"DavidR\",\"@id\":\"https:\/\/colegiatadebolea.es\/fr\/#\/schema\/person\/e2ffb8f4f91914329c5075b6c60aabc9\"},\"headline\":\"Enclaves del Grial, Festival des Enclaves 2025 \u00e0 la Coll\u00e9giale de Bol\u00e9a\",\"datePublished\":\"2025-07-21T23:09:02+00:00\",\"dateModified\":\"2025-08-30T01:22:52+00:00\",\"mainEntityOfPage\":{\"@id\":\"https:\/\/colegiatadebolea.es\/fr\/enclaves-del-grial-festival-des-enclaves-2025-a-la-collegiale-de-bolea\/\"},\"wordCount\":222,\"commentCount\":0,\"publisher\":{\"@id\":\"https:\/\/colegiatadebolea.es\/fr\/#organization\"},\"image\":{\"@id\":\"https:\/\/colegiatadebolea.es\/fr\/enclaves-del-grial-festival-des-enclaves-2025-a-la-collegiale-de-bolea\/#primaryimage\"},\"thumbnailUrl\":\"https:\/\/colegiatadebolea.es\/wp-content\/uploads\/colegiata-de-bolea-huesca-actualidad-enclaves-2025.jpg\",\"articleSection\":[\"2025\",\"Concerts\",\"EnClaves\",\"La Coll\u00e9giale de Bol\u00e9a\"],\"inLanguage\":\"fr-FR\",\"potentialAction\":[{\"@type\":\"CommentAction\",\"name\":\"Comment\",\"target\":[\"https:\/\/colegiatadebolea.es\/fr\/enclaves-del-grial-festival-des-enclaves-2025-a-la-collegiale-de-bolea\/#respond\"]}]},{\"@type\":\"WebPage\",\"@id\":\"https:\/\/colegiatadebolea.es\/fr\/enclaves-del-grial-festival-des-enclaves-2025-a-la-collegiale-de-bolea\/\",\"url\":\"https:\/\/colegiatadebolea.es\/fr\/enclaves-del-grial-festival-des-enclaves-2025-a-la-collegiale-de-bolea\/\",\"name\":\"Enclaves del Grial, Festival des Enclaves 2025 \u00e0 la Coll\u00e9giale de Bol\u00e9a - Asociaci\u00f3n de Amigos de la Colegiata de Bolea - Huesca\",\"isPartOf\":{\"@id\":\"https:\/\/colegiatadebolea.es\/fr\/#website\"},\"primaryImageOfPage\":{\"@id\":\"https:\/\/colegiatadebolea.es\/fr\/enclaves-del-grial-festival-des-enclaves-2025-a-la-collegiale-de-bolea\/#primaryimage\"},\"image\":{\"@id\":\"https:\/\/colegiatadebolea.es\/fr\/enclaves-del-grial-festival-des-enclaves-2025-a-la-collegiale-de-bolea\/#primaryimage\"},\"thumbnailUrl\":\"https:\/\/colegiatadebolea.es\/wp-content\/uploads\/colegiata-de-bolea-huesca-actualidad-enclaves-2025.jpg\",\"datePublished\":\"2025-07-21T23:09:02+00:00\",\"dateModified\":\"2025-08-30T01:22:52+00:00\",\"breadcrumb\":{\"@id\":\"https:\/\/colegiatadebolea.es\/fr\/enclaves-del-grial-festival-des-enclaves-2025-a-la-collegiale-de-bolea\/#breadcrumb\"},\"inLanguage\":\"fr-FR\",\"potentialAction\":[{\"@type\":\"ReadAction\",\"target\":[\"https:\/\/colegiatadebolea.es\/fr\/enclaves-del-grial-festival-des-enclaves-2025-a-la-collegiale-de-bolea\/\"]}]},{\"@type\":\"ImageObject\",\"inLanguage\":\"fr-FR\",\"@id\":\"https:\/\/colegiatadebolea.es\/fr\/enclaves-del-grial-festival-des-enclaves-2025-a-la-collegiale-de-bolea\/#primaryimage\",\"url\":\"https:\/\/colegiatadebolea.es\/wp-content\/uploads\/colegiata-de-bolea-huesca-actualidad-enclaves-2025.jpg\",\"contentUrl\":\"https:\/\/colegiatadebolea.es\/wp-content\/uploads\/colegiata-de-bolea-huesca-actualidad-enclaves-2025.jpg\",\"width\":1800,\"height\":1600},{\"@type\":\"BreadcrumbList\",\"@id\":\"https:\/\/colegiatadebolea.es\/fr\/enclaves-del-grial-festival-des-enclaves-2025-a-la-collegiale-de-bolea\/#breadcrumb\",\"itemListElement\":[{\"@type\":\"ListItem\",\"position\":1,\"name\":\"Portada\",\"item\":\"https:\/\/colegiatadebolea.es\/fr\/\"},{\"@type\":\"ListItem\",\"position\":2,\"name\":\"Enclaves del Grial, Festival des Enclaves 2025 \u00e0 la Coll\u00e9giale de Bol\u00e9a\"}]},{\"@type\":\"WebSite\",\"@id\":\"https:\/\/colegiatadebolea.es\/fr\/#website\",\"url\":\"https:\/\/colegiatadebolea.es\/fr\/\",\"name\":\"Asociaci\u00f3n de Amigos de la Colegiata de Bolea - Huesca\",\"description\":\"Colegiata de Santa Mar\u00eda la Mayor de Bolea es una iglesia en la transici\u00f3n del g\u00f3tico al renacimiento construida entre 1541 y 1599 por Pedro de Ir\u00e1zabal. Retablo Mayor obra maestra de la pintura espa\u00f1ola del renacimiento.\",\"publisher\":{\"@id\":\"https:\/\/colegiatadebolea.es\/fr\/#organization\"},\"alternateName\":\"Colegiata de Bolea\",\"potentialAction\":[{\"@type\":\"SearchAction\",\"target\":{\"@type\":\"EntryPoint\",\"urlTemplate\":\"https:\/\/colegiatadebolea.es\/fr\/?s={search_term_string}\"},\"query-input\":{\"@type\":\"PropertyValueSpecification\",\"valueRequired\":true,\"valueName\":\"search_term_string\"}}],\"inLanguage\":\"fr-FR\"},{\"@type\":\"Organization\",\"@id\":\"https:\/\/colegiatadebolea.es\/fr\/#organization\",\"name\":\"Asociaci\u00f3n de Amigos de la Colegiata de Bolea\",\"url\":\"https:\/\/colegiatadebolea.es\/fr\/\",\"logo\":{\"@type\":\"ImageObject\",\"inLanguage\":\"fr-FR\",\"@id\":\"https:\/\/colegiatadebolea.es\/fr\/#\/schema\/logo\/image\/\",\"url\":\"https:\/\/colegiatadebolea.es\/wp-content\/uploads\/colegiata-de-bolea-logoamigos-favicon.png\",\"contentUrl\":\"https:\/\/colegiatadebolea.es\/wp-content\/uploads\/colegiata-de-bolea-logoamigos-favicon.png\",\"width\":512,\"height\":512,\"caption\":\"Asociaci\u00f3n de Amigos de la Colegiata de Bolea\"},\"image\":{\"@id\":\"https:\/\/colegiatadebolea.es\/fr\/#\/schema\/logo\/image\/\"},\"sameAs\":[\"https:\/\/www.facebook.com\/pages\/ColegiatadeBolea\/915137545269794\/\",\"https:\/\/www.instagram.com\/colegiatadebolea\"]},{\"@type\":\"Person\",\"@id\":\"https:\/\/colegiatadebolea.es\/fr\/#\/schema\/person\/e2ffb8f4f91914329c5075b6c60aabc9\",\"name\":\"DavidR\",\"image\":{\"@type\":\"ImageObject\",\"inLanguage\":\"fr-FR\",\"@id\":\"https:\/\/colegiatadebolea.es\/fr\/#\/schema\/person\/image\/\",\"url\":\"https:\/\/secure.gravatar.com\/avatar\/4ab470073904eadd68af73928f0f63de81b34e69730eb9d3156c6a2cc3e96bdf?s=96&d=mm&r=g\",\"contentUrl\":\"https:\/\/secure.gravatar.com\/avatar\/4ab470073904eadd68af73928f0f63de81b34e69730eb9d3156c6a2cc3e96bdf?s=96&d=mm&r=g\",\"caption\":\"DavidR\"}}]}<\/script>\n<!-- \/ Yoast SEO plugin. -->","yoast_head_json":{"title":"Enclaves del Grial, Festival des Enclaves 2025 \u00e0 la Coll\u00e9giale de Bol\u00e9a - Asociaci\u00f3n de Amigos de la Colegiata de Bolea - Huesca","robots":{"index":"index","follow":"follow","max-snippet":"max-snippet:-1","max-image-preview":"max-image-preview:large","max-video-preview":"max-video-preview:-1"},"canonical":"https:\/\/colegiatadebolea.es\/fr\/enclaves-del-grial-festival-des-enclaves-2025-a-la-collegiale-de-bolea\/","og_locale":"fr_FR","og_type":"article","og_title":"Enclaves del Grial, Festival des Enclaves 2025 \u00e0 la Coll\u00e9giale de Bol\u00e9a - Asociaci\u00f3n de Amigos de la Colegiata de Bolea - Huesca","og_url":"https:\/\/colegiatadebolea.es\/fr\/enclaves-del-grial-festival-des-enclaves-2025-a-la-collegiale-de-bolea\/","og_site_name":"Asociaci\u00f3n de Amigos de la Colegiata de Bolea - Huesca","article_publisher":"https:\/\/www.facebook.com\/pages\/ColegiatadeBolea\/915137545269794\/","article_published_time":"2025-07-21T23:09:02+00:00","article_modified_time":"2025-08-30T01:22:52+00:00","og_image":[{"width":1800,"height":1600,"url":"https:\/\/colegiatadebolea.es\/wp-content\/uploads\/colegiata-de-bolea-huesca-actualidad-enclaves-2025.jpg","type":"image\/jpeg"}],"author":"DavidR","twitter_card":"summary_large_image","twitter_misc":{"\u00c9crit par":"DavidR","Dur\u00e9e de lecture estim\u00e9e":"1 minute"},"schema":{"@context":"https:\/\/schema.org","@graph":[{"@type":"Article","@id":"https:\/\/colegiatadebolea.es\/fr\/enclaves-del-grial-festival-des-enclaves-2025-a-la-collegiale-de-bolea\/#article","isPartOf":{"@id":"https:\/\/colegiatadebolea.es\/fr\/enclaves-del-grial-festival-des-enclaves-2025-a-la-collegiale-de-bolea\/"},"author":{"name":"DavidR","@id":"https:\/\/colegiatadebolea.es\/fr\/#\/schema\/person\/e2ffb8f4f91914329c5075b6c60aabc9"},"headline":"Enclaves del Grial, Festival des Enclaves 2025 \u00e0 la Coll\u00e9giale de Bol\u00e9a","datePublished":"2025-07-21T23:09:02+00:00","dateModified":"2025-08-30T01:22:52+00:00","mainEntityOfPage":{"@id":"https:\/\/colegiatadebolea.es\/fr\/enclaves-del-grial-festival-des-enclaves-2025-a-la-collegiale-de-bolea\/"},"wordCount":222,"commentCount":0,"publisher":{"@id":"https:\/\/colegiatadebolea.es\/fr\/#organization"},"image":{"@id":"https:\/\/colegiatadebolea.es\/fr\/enclaves-del-grial-festival-des-enclaves-2025-a-la-collegiale-de-bolea\/#primaryimage"},"thumbnailUrl":"https:\/\/colegiatadebolea.es\/wp-content\/uploads\/colegiata-de-bolea-huesca-actualidad-enclaves-2025.jpg","articleSection":["2025","Concerts","EnClaves","La Coll\u00e9giale de Bol\u00e9a"],"inLanguage":"fr-FR","potentialAction":[{"@type":"CommentAction","name":"Comment","target":["https:\/\/colegiatadebolea.es\/fr\/enclaves-del-grial-festival-des-enclaves-2025-a-la-collegiale-de-bolea\/#respond"]}]},{"@type":"WebPage","@id":"https:\/\/colegiatadebolea.es\/fr\/enclaves-del-grial-festival-des-enclaves-2025-a-la-collegiale-de-bolea\/","url":"https:\/\/colegiatadebolea.es\/fr\/enclaves-del-grial-festival-des-enclaves-2025-a-la-collegiale-de-bolea\/","name":"Enclaves del Grial, Festival des Enclaves 2025 \u00e0 la Coll\u00e9giale de Bol\u00e9a - Asociaci\u00f3n de Amigos de la Colegiata de Bolea - Huesca","isPartOf":{"@id":"https:\/\/colegiatadebolea.es\/fr\/#website"},"primaryImageOfPage":{"@id":"https:\/\/colegiatadebolea.es\/fr\/enclaves-del-grial-festival-des-enclaves-2025-a-la-collegiale-de-bolea\/#primaryimage"},"image":{"@id":"https:\/\/colegiatadebolea.es\/fr\/enclaves-del-grial-festival-des-enclaves-2025-a-la-collegiale-de-bolea\/#primaryimage"},"thumbnailUrl":"https:\/\/colegiatadebolea.es\/wp-content\/uploads\/colegiata-de-bolea-huesca-actualidad-enclaves-2025.jpg","datePublished":"2025-07-21T23:09:02+00:00","dateModified":"2025-08-30T01:22:52+00:00","breadcrumb":{"@id":"https:\/\/colegiatadebolea.es\/fr\/enclaves-del-grial-festival-des-enclaves-2025-a-la-collegiale-de-bolea\/#breadcrumb"},"inLanguage":"fr-FR","potentialAction":[{"@type":"ReadAction","target":["https:\/\/colegiatadebolea.es\/fr\/enclaves-del-grial-festival-des-enclaves-2025-a-la-collegiale-de-bolea\/"]}]},{"@type":"ImageObject","inLanguage":"fr-FR","@id":"https:\/\/colegiatadebolea.es\/fr\/enclaves-del-grial-festival-des-enclaves-2025-a-la-collegiale-de-bolea\/#primaryimage","url":"https:\/\/colegiatadebolea.es\/wp-content\/uploads\/colegiata-de-bolea-huesca-actualidad-enclaves-2025.jpg","contentUrl":"https:\/\/colegiatadebolea.es\/wp-content\/uploads\/colegiata-de-bolea-huesca-actualidad-enclaves-2025.jpg","width":1800,"height":1600},{"@type":"BreadcrumbList","@id":"https:\/\/colegiatadebolea.es\/fr\/enclaves-del-grial-festival-des-enclaves-2025-a-la-collegiale-de-bolea\/#breadcrumb","itemListElement":[{"@type":"ListItem","position":1,"name":"Portada","item":"https:\/\/colegiatadebolea.es\/fr\/"},{"@type":"ListItem","position":2,"name":"Enclaves del Grial, Festival des Enclaves 2025 \u00e0 la Coll\u00e9giale de Bol\u00e9a"}]},{"@type":"WebSite","@id":"https:\/\/colegiatadebolea.es\/fr\/#website","url":"https:\/\/colegiatadebolea.es\/fr\/","name":"Asociaci\u00f3n de Amigos de la Colegiata de Bolea - Huesca","description":"Colegiata de Santa Mar\u00eda la Mayor de Bolea es una iglesia en la transici\u00f3n del g\u00f3tico al renacimiento construida entre 1541 y 1599 por Pedro de Ir\u00e1zabal. Retablo Mayor obra maestra de la pintura espa\u00f1ola del renacimiento.","publisher":{"@id":"https:\/\/colegiatadebolea.es\/fr\/#organization"},"alternateName":"Colegiata de Bolea","potentialAction":[{"@type":"SearchAction","target":{"@type":"EntryPoint","urlTemplate":"https:\/\/colegiatadebolea.es\/fr\/?s={search_term_string}"},"query-input":{"@type":"PropertyValueSpecification","valueRequired":true,"valueName":"search_term_string"}}],"inLanguage":"fr-FR"},{"@type":"Organization","@id":"https:\/\/colegiatadebolea.es\/fr\/#organization","name":"Asociaci\u00f3n de Amigos de la Colegiata de Bolea","url":"https:\/\/colegiatadebolea.es\/fr\/","logo":{"@type":"ImageObject","inLanguage":"fr-FR","@id":"https:\/\/colegiatadebolea.es\/fr\/#\/schema\/logo\/image\/","url":"https:\/\/colegiatadebolea.es\/wp-content\/uploads\/colegiata-de-bolea-logoamigos-favicon.png","contentUrl":"https:\/\/colegiatadebolea.es\/wp-content\/uploads\/colegiata-de-bolea-logoamigos-favicon.png","width":512,"height":512,"caption":"Asociaci\u00f3n de Amigos de la Colegiata de Bolea"},"image":{"@id":"https:\/\/colegiatadebolea.es\/fr\/#\/schema\/logo\/image\/"},"sameAs":["https:\/\/www.facebook.com\/pages\/ColegiatadeBolea\/915137545269794\/","https:\/\/www.instagram.com\/colegiatadebolea"]},{"@type":"Person","@id":"https:\/\/colegiatadebolea.es\/fr\/#\/schema\/person\/e2ffb8f4f91914329c5075b6c60aabc9","name":"DavidR","image":{"@type":"ImageObject","inLanguage":"fr-FR","@id":"https:\/\/colegiatadebolea.es\/fr\/#\/schema\/person\/image\/","url":"https:\/\/secure.gravatar.com\/avatar\/4ab470073904eadd68af73928f0f63de81b34e69730eb9d3156c6a2cc3e96bdf?s=96&d=mm&r=g","contentUrl":"https:\/\/secure.gravatar.com\/avatar\/4ab470073904eadd68af73928f0f63de81b34e69730eb9d3156c6a2cc3e96bdf?s=96&d=mm&r=g","caption":"DavidR"}}]}},"_links":{"self":[{"href":"https:\/\/colegiatadebolea.es\/fr\/wp-json\/wp\/v2\/posts\/11080","targetHints":{"allow":["GET"]}}],"collection":[{"href":"https:\/\/colegiatadebolea.es\/fr\/wp-json\/wp\/v2\/posts"}],"about":[{"href":"https:\/\/colegiatadebolea.es\/fr\/wp-json\/wp\/v2\/types\/post"}],"author":[{"embeddable":true,"href":"https:\/\/colegiatadebolea.es\/fr\/wp-json\/wp\/v2\/users\/2"}],"replies":[{"embeddable":true,"href":"https:\/\/colegiatadebolea.es\/fr\/wp-json\/wp\/v2\/comments?post=11080"}],"version-history":[{"count":7,"href":"https:\/\/colegiatadebolea.es\/fr\/wp-json\/wp\/v2\/posts\/11080\/revisions"}],"predecessor-version":[{"id":11245,"href":"https:\/\/colegiatadebolea.es\/fr\/wp-json\/wp\/v2\/posts\/11080\/revisions\/11245"}],"wp:featuredmedia":[{"embeddable":true,"href":"https:\/\/colegiatadebolea.es\/fr\/wp-json\/wp\/v2\/media\/10741"}],"wp:attachment":[{"href":"https:\/\/colegiatadebolea.es\/fr\/wp-json\/wp\/v2\/media?parent=11080"}],"wp:term":[{"taxonomy":"category","embeddable":true,"href":"https:\/\/colegiatadebolea.es\/fr\/wp-json\/wp\/v2\/categories?post=11080"},{"taxonomy":"post_tag","embeddable":true,"href":"https:\/\/colegiatadebolea.es\/fr\/wp-json\/wp\/v2\/tags?post=11080"}],"curies":[{"name":"wp","href":"https:\/\/api.w.org\/{rel}","templated":true}]}}