{"id":11074,"date":"2025-07-23T11:43:07","date_gmt":"2025-07-23T09:43:07","guid":{"rendered":"https:\/\/colegiatadebolea.es\/xxxiv-festival-internacional-en-el-camino-de-santiago\/"},"modified":"2025-10-14T17:18:03","modified_gmt":"2025-10-14T15:18:03","slug":"xxxiv-festival-internacional-en-el-camino-de-santiago","status":"publish","type":"post","link":"https:\/\/colegiatadebolea.es\/fr\/xxxiv-festival-internacional-en-el-camino-de-santiago\/","title":{"rendered":"XXXIV Festival Internacional en el Camino de Santiago"},"content":{"rendered":"<section class=\"l-section wpb_row height_custom\"><div class=\"l-section-h i-cf\"><div class=\"g-cols vc_row via_grid cols_1 laptops-cols_inherit tablets-cols_inherit mobiles-cols_1 valign_top type_default stacking_default\"><div class=\"wpb_column vc_column_container\"><div class=\"vc_column-inner\"><div class=\"wpb_text_column\"><div class=\"wpb_wrapper\"><p>Dans le cadre de la trente-quatri\u00e8me \u00e9dition du Festival International du Chemin de Saint-Jacques, la Coll\u00e9giale de Bolea sera le th\u00e9\u00e2tre du concert de violoncelle <a href=\"https:\/\/www.irisazquinezer.com\/\" target=\"_blank\" rel=\"noopener\">d&rsquo;Iris Azquinezer<\/a> qui interpr\u00e9tera J.S. Bach \u00e0 la figure duquel le Festival est d\u00e9di\u00e9 \u00e0 l&rsquo;occasion du 275e anniversaire de sa mort.<\/p>\n<\/div><\/div><div class=\"w-separator size_small\"><\/div><div class=\"w-image style_shadow-1 align_none\"><a ref=\"magnificPopup\" href=\"https:\/\/colegiatadebolea.es\/wp-content\/uploads\/colegiata-de-bolea-huesca-actualidad-xxiv-festival-camino-de-santiago-2025-programacion01.jpg\" aria-label=\"colegiata-de-bolea-huesca-actualidad-xxiv-festival-camino-de-santiago-2025-programaci\u00f3n01\" class=\"w-image-h\"><img decoding=\"async\" width=\"1920\" height=\"867\" src=\"https:\/\/colegiatadebolea.es\/wp-content\/uploads\/colegiata-de-bolea-huesca-actualidad-xxiv-festival-camino-de-santiago-2025-programacion01.jpg\" class=\"attachment-full size-full\" alt=\"\" loading=\"lazy\" srcset=\"https:\/\/colegiatadebolea.es\/wp-content\/uploads\/colegiata-de-bolea-huesca-actualidad-xxiv-festival-camino-de-santiago-2025-programacion01.jpg 1920w, https:\/\/colegiatadebolea.es\/wp-content\/uploads\/colegiata-de-bolea-huesca-actualidad-xxiv-festival-camino-de-santiago-2025-programacion01-300x135.jpg 300w, https:\/\/colegiatadebolea.es\/wp-content\/uploads\/colegiata-de-bolea-huesca-actualidad-xxiv-festival-camino-de-santiago-2025-programacion01-1024x462.jpg 1024w, https:\/\/colegiatadebolea.es\/wp-content\/uploads\/colegiata-de-bolea-huesca-actualidad-xxiv-festival-camino-de-santiago-2025-programacion01-1536x694.jpg 1536w, https:\/\/colegiatadebolea.es\/wp-content\/uploads\/colegiata-de-bolea-huesca-actualidad-xxiv-festival-camino-de-santiago-2025-programacion01-600x271.jpg 600w, https:\/\/colegiatadebolea.es\/wp-content\/uploads\/colegiata-de-bolea-huesca-actualidad-xxiv-festival-camino-de-santiago-2025-programacion01-550x248.jpg 550w, https:\/\/colegiatadebolea.es\/wp-content\/uploads\/colegiata-de-bolea-huesca-actualidad-xxiv-festival-camino-de-santiago-2025-programacion01-500x226.jpg 500w, https:\/\/colegiatadebolea.es\/wp-content\/uploads\/colegiata-de-bolea-huesca-actualidad-xxiv-festival-camino-de-santiago-2025-programacion01-450x203.jpg 450w, https:\/\/colegiatadebolea.es\/wp-content\/uploads\/colegiata-de-bolea-huesca-actualidad-xxiv-festival-camino-de-santiago-2025-programacion01-400x181.jpg 400w, https:\/\/colegiatadebolea.es\/wp-content\/uploads\/colegiata-de-bolea-huesca-actualidad-xxiv-festival-camino-de-santiago-2025-programacion01-350x158.jpg 350w, https:\/\/colegiatadebolea.es\/wp-content\/uploads\/colegiata-de-bolea-huesca-actualidad-xxiv-festival-camino-de-santiago-2025-programacion01-250x113.jpg 250w, https:\/\/colegiatadebolea.es\/wp-content\/uploads\/colegiata-de-bolea-huesca-actualidad-xxiv-festival-camino-de-santiago-2025-programacion01-200x90.jpg 200w, https:\/\/colegiatadebolea.es\/wp-content\/uploads\/colegiata-de-bolea-huesca-actualidad-xxiv-festival-camino-de-santiago-2025-programacion01-175x79.jpg 175w, https:\/\/colegiatadebolea.es\/wp-content\/uploads\/colegiata-de-bolea-huesca-actualidad-xxiv-festival-camino-de-santiago-2025-programacion01-150x68.jpg 150w, https:\/\/colegiatadebolea.es\/wp-content\/uploads\/colegiata-de-bolea-huesca-actualidad-xxiv-festival-camino-de-santiago-2025-programacion01-125x56.jpg 125w, https:\/\/colegiatadebolea.es\/wp-content\/uploads\/colegiata-de-bolea-huesca-actualidad-xxiv-festival-camino-de-santiago-2025-programacion01-100x45.jpg 100w, https:\/\/colegiatadebolea.es\/wp-content\/uploads\/colegiata-de-bolea-huesca-actualidad-xxiv-festival-camino-de-santiago-2025-programacion01-75x34.jpg 75w, https:\/\/colegiatadebolea.es\/wp-content\/uploads\/colegiata-de-bolea-huesca-actualidad-xxiv-festival-camino-de-santiago-2025-programacion01-50x23.jpg 50w, https:\/\/colegiatadebolea.es\/wp-content\/uploads\/colegiata-de-bolea-huesca-actualidad-xxiv-festival-camino-de-santiago-2025-programacion01-25x11.jpg 25w, https:\/\/colegiatadebolea.es\/wp-content\/uploads\/colegiata-de-bolea-huesca-actualidad-xxiv-festival-camino-de-santiago-2025-programacion01-1329x600.jpg 1329w, https:\/\/colegiatadebolea.es\/wp-content\/uploads\/colegiata-de-bolea-huesca-actualidad-xxiv-festival-camino-de-santiago-2025-programacion01-1218x550.jpg 1218w, https:\/\/colegiatadebolea.es\/wp-content\/uploads\/colegiata-de-bolea-huesca-actualidad-xxiv-festival-camino-de-santiago-2025-programacion01-1107x500.jpg 1107w, https:\/\/colegiatadebolea.es\/wp-content\/uploads\/colegiata-de-bolea-huesca-actualidad-xxiv-festival-camino-de-santiago-2025-programacion01-997x450.jpg 997w, https:\/\/colegiatadebolea.es\/wp-content\/uploads\/colegiata-de-bolea-huesca-actualidad-xxiv-festival-camino-de-santiago-2025-programacion01-886x400.jpg 886w, https:\/\/colegiatadebolea.es\/wp-content\/uploads\/colegiata-de-bolea-huesca-actualidad-xxiv-festival-camino-de-santiago-2025-programacion01-664x300.jpg 664w, https:\/\/colegiatadebolea.es\/wp-content\/uploads\/colegiata-de-bolea-huesca-actualidad-xxiv-festival-camino-de-santiago-2025-programacion01-554x250.jpg 554w, https:\/\/colegiatadebolea.es\/wp-content\/uploads\/colegiata-de-bolea-huesca-actualidad-xxiv-festival-camino-de-santiago-2025-programacion01-443x200.jpg 443w, https:\/\/colegiatadebolea.es\/wp-content\/uploads\/colegiata-de-bolea-huesca-actualidad-xxiv-festival-camino-de-santiago-2025-programacion01-388x175.jpg 388w, https:\/\/colegiatadebolea.es\/wp-content\/uploads\/colegiata-de-bolea-huesca-actualidad-xxiv-festival-camino-de-santiago-2025-programacion01-332x150.jpg 332w, https:\/\/colegiatadebolea.es\/wp-content\/uploads\/colegiata-de-bolea-huesca-actualidad-xxiv-festival-camino-de-santiago-2025-programacion01-277x125.jpg 277w, https:\/\/colegiatadebolea.es\/wp-content\/uploads\/colegiata-de-bolea-huesca-actualidad-xxiv-festival-camino-de-santiago-2025-programacion01-221x100.jpg 221w, https:\/\/colegiatadebolea.es\/wp-content\/uploads\/colegiata-de-bolea-huesca-actualidad-xxiv-festival-camino-de-santiago-2025-programacion01-166x75.jpg 166w, https:\/\/colegiatadebolea.es\/wp-content\/uploads\/colegiata-de-bolea-huesca-actualidad-xxiv-festival-camino-de-santiago-2025-programacion01-111x50.jpg 111w, https:\/\/colegiatadebolea.es\/wp-content\/uploads\/colegiata-de-bolea-huesca-actualidad-xxiv-festival-camino-de-santiago-2025-programacion01-55x25.jpg 55w\" sizes=\"auto, (max-width: 1920px) 100vw, 1920px\" \/><\/a><\/div><div class=\"w-separator size_small\"><\/div><div class=\"w-image style_shadow-1 align_none\"><a ref=\"magnificPopup\" href=\"https:\/\/colegiatadebolea.es\/wp-content\/uploads\/colegiata-de-bolea-huesca-actualidad-xxiv-festival-camino-de-santiago-2025-programacion02.jpg\" aria-label=\"colegiata-de-bolea-huesca-actualidad-xxiv-festival-camino-de-santiago-2025-programaci\u00f3n02\" class=\"w-image-h\"><img decoding=\"async\" width=\"1920\" height=\"867\" src=\"https:\/\/colegiatadebolea.es\/wp-content\/uploads\/colegiata-de-bolea-huesca-actualidad-xxiv-festival-camino-de-santiago-2025-programacion02.jpg\" class=\"attachment-full size-full\" alt=\"\" loading=\"lazy\" srcset=\"https:\/\/colegiatadebolea.es\/wp-content\/uploads\/colegiata-de-bolea-huesca-actualidad-xxiv-festival-camino-de-santiago-2025-programacion02.jpg 1920w, https:\/\/colegiatadebolea.es\/wp-content\/uploads\/colegiata-de-bolea-huesca-actualidad-xxiv-festival-camino-de-santiago-2025-programacion02-300x135.jpg 300w, https:\/\/colegiatadebolea.es\/wp-content\/uploads\/colegiata-de-bolea-huesca-actualidad-xxiv-festival-camino-de-santiago-2025-programacion02-1024x462.jpg 1024w, https:\/\/colegiatadebolea.es\/wp-content\/uploads\/colegiata-de-bolea-huesca-actualidad-xxiv-festival-camino-de-santiago-2025-programacion02-1536x694.jpg 1536w, https:\/\/colegiatadebolea.es\/wp-content\/uploads\/colegiata-de-bolea-huesca-actualidad-xxiv-festival-camino-de-santiago-2025-programacion02-600x271.jpg 600w, https:\/\/colegiatadebolea.es\/wp-content\/uploads\/colegiata-de-bolea-huesca-actualidad-xxiv-festival-camino-de-santiago-2025-programacion02-550x248.jpg 550w, https:\/\/colegiatadebolea.es\/wp-content\/uploads\/colegiata-de-bolea-huesca-actualidad-xxiv-festival-camino-de-santiago-2025-programacion02-500x226.jpg 500w, https:\/\/colegiatadebolea.es\/wp-content\/uploads\/colegiata-de-bolea-huesca-actualidad-xxiv-festival-camino-de-santiago-2025-programacion02-450x203.jpg 450w, https:\/\/colegiatadebolea.es\/wp-content\/uploads\/colegiata-de-bolea-huesca-actualidad-xxiv-festival-camino-de-santiago-2025-programacion02-400x181.jpg 400w, https:\/\/colegiatadebolea.es\/wp-content\/uploads\/colegiata-de-bolea-huesca-actualidad-xxiv-festival-camino-de-santiago-2025-programacion02-350x158.jpg 350w, https:\/\/colegiatadebolea.es\/wp-content\/uploads\/colegiata-de-bolea-huesca-actualidad-xxiv-festival-camino-de-santiago-2025-programacion02-250x113.jpg 250w, https:\/\/colegiatadebolea.es\/wp-content\/uploads\/colegiata-de-bolea-huesca-actualidad-xxiv-festival-camino-de-santiago-2025-programacion02-200x90.jpg 200w, https:\/\/colegiatadebolea.es\/wp-content\/uploads\/colegiata-de-bolea-huesca-actualidad-xxiv-festival-camino-de-santiago-2025-programacion02-175x79.jpg 175w, https:\/\/colegiatadebolea.es\/wp-content\/uploads\/colegiata-de-bolea-huesca-actualidad-xxiv-festival-camino-de-santiago-2025-programacion02-150x68.jpg 150w, https:\/\/colegiatadebolea.es\/wp-content\/uploads\/colegiata-de-bolea-huesca-actualidad-xxiv-festival-camino-de-santiago-2025-programacion02-125x56.jpg 125w, https:\/\/colegiatadebolea.es\/wp-content\/uploads\/colegiata-de-bolea-huesca-actualidad-xxiv-festival-camino-de-santiago-2025-programacion02-100x45.jpg 100w, https:\/\/colegiatadebolea.es\/wp-content\/uploads\/colegiata-de-bolea-huesca-actualidad-xxiv-festival-camino-de-santiago-2025-programacion02-75x34.jpg 75w, https:\/\/colegiatadebolea.es\/wp-content\/uploads\/colegiata-de-bolea-huesca-actualidad-xxiv-festival-camino-de-santiago-2025-programacion02-50x23.jpg 50w, https:\/\/colegiatadebolea.es\/wp-content\/uploads\/colegiata-de-bolea-huesca-actualidad-xxiv-festival-camino-de-santiago-2025-programacion02-25x11.jpg 25w, https:\/\/colegiatadebolea.es\/wp-content\/uploads\/colegiata-de-bolea-huesca-actualidad-xxiv-festival-camino-de-santiago-2025-programacion02-1329x600.jpg 1329w, https:\/\/colegiatadebolea.es\/wp-content\/uploads\/colegiata-de-bolea-huesca-actualidad-xxiv-festival-camino-de-santiago-2025-programacion02-1218x550.jpg 1218w, https:\/\/colegiatadebolea.es\/wp-content\/uploads\/colegiata-de-bolea-huesca-actualidad-xxiv-festival-camino-de-santiago-2025-programacion02-1107x500.jpg 1107w, https:\/\/colegiatadebolea.es\/wp-content\/uploads\/colegiata-de-bolea-huesca-actualidad-xxiv-festival-camino-de-santiago-2025-programacion02-997x450.jpg 997w, https:\/\/colegiatadebolea.es\/wp-content\/uploads\/colegiata-de-bolea-huesca-actualidad-xxiv-festival-camino-de-santiago-2025-programacion02-886x400.jpg 886w, https:\/\/colegiatadebolea.es\/wp-content\/uploads\/colegiata-de-bolea-huesca-actualidad-xxiv-festival-camino-de-santiago-2025-programacion02-664x300.jpg 664w, https:\/\/colegiatadebolea.es\/wp-content\/uploads\/colegiata-de-bolea-huesca-actualidad-xxiv-festival-camino-de-santiago-2025-programacion02-554x250.jpg 554w, https:\/\/colegiatadebolea.es\/wp-content\/uploads\/colegiata-de-bolea-huesca-actualidad-xxiv-festival-camino-de-santiago-2025-programacion02-443x200.jpg 443w, https:\/\/colegiatadebolea.es\/wp-content\/uploads\/colegiata-de-bolea-huesca-actualidad-xxiv-festival-camino-de-santiago-2025-programacion02-388x175.jpg 388w, https:\/\/colegiatadebolea.es\/wp-content\/uploads\/colegiata-de-bolea-huesca-actualidad-xxiv-festival-camino-de-santiago-2025-programacion02-332x150.jpg 332w, https:\/\/colegiatadebolea.es\/wp-content\/uploads\/colegiata-de-bolea-huesca-actualidad-xxiv-festival-camino-de-santiago-2025-programacion02-277x125.jpg 277w, https:\/\/colegiatadebolea.es\/wp-content\/uploads\/colegiata-de-bolea-huesca-actualidad-xxiv-festival-camino-de-santiago-2025-programacion02-221x100.jpg 221w, https:\/\/colegiatadebolea.es\/wp-content\/uploads\/colegiata-de-bolea-huesca-actualidad-xxiv-festival-camino-de-santiago-2025-programacion02-166x75.jpg 166w, https:\/\/colegiatadebolea.es\/wp-content\/uploads\/colegiata-de-bolea-huesca-actualidad-xxiv-festival-camino-de-santiago-2025-programacion02-111x50.jpg 111w, https:\/\/colegiatadebolea.es\/wp-content\/uploads\/colegiata-de-bolea-huesca-actualidad-xxiv-festival-camino-de-santiago-2025-programacion02-55x25.jpg 55w\" sizes=\"auto, (max-width: 1920px) 100vw, 1920px\" \/><\/a><\/div><div class=\"w-separator size_medium\"><\/div><div class=\"wpb_text_column\"><div class=\"wpb_wrapper\"><p><strong>Lundi 4 AO\u00dbT | BOLEA 22:00 h.<\/strong><\/p>\n<p>Colegiata de Santa Mar\u00eda la Mayor de Bolea, Huesca<\/p>\n<p>IRIS AZQUINEZER Violonchelo<\/p>\n<p>HIERRO Y VERDE \/ J. S. BACH<\/p>\n<p><strong>Plus d\u2019informations sur les billets et la capacit\u00e9.<\/strong><\/p>\n<p>www.dphuesca.es\/festivalcaminosantiago www.festivalcaminosantiago.com #34FICS | @festivalcamino<\/p>\n<p>Festival Internacional en el Camino de Santiago Diputaci\u00f3n de Huesca. Servicio de Cultura Porches de Galicia, 4. 22 2 Huesca Tel. +34 974 294 151 | Fax +34 974 294 15 <a href=\"mailto:info@festivalcaminosantiago.com\">info@festivalcaminosantiago.com<\/a><\/p>\n<\/div><\/div><\/div><\/div><\/div><\/div><\/section>\n","protected":false},"excerpt":{"rendered":"Dans le cadre de la trente-quatri\u00e8me \u00e9dition du Festival International du Chemin de Saint-Jacques, la Coll\u00e9giale de Bolea sera le th\u00e9\u00e2tre du concert de violoncelle d&rsquo;Iris Azquinezer qui interpr\u00e9tera J.S. Bach \u00e0 la figure duquel le Festival est d\u00e9di\u00e9 \u00e0 l&rsquo;occasion du 275e anniversaire de sa mort. Lundi 4 AO\u00dbT | BOLEA 22:00 h. Colegiata...","protected":false},"author":2,"featured_media":10745,"comment_status":"open","ping_status":"open","sticky":false,"template":"","format":"standard","meta":{"_acf_changed":false,"footnotes":""},"categories":[105,104,103],"tags":[],"class_list":["post-11074","post","type-post","status-publish","format-standard","has-post-thumbnail","hentry","category-2025-fr","category-concerts-fr","category-la-collegiale-de-bolea"],"acf":[],"yoast_head":"<!-- This site is optimized with the Yoast SEO plugin v25.8 - https:\/\/yoast.com\/wordpress\/plugins\/seo\/ -->\n<title>XXXIV Festival Internacional en el Camino de Santiago - Asociaci\u00f3n de Amigos de la Colegiata de Bolea - Huesca<\/title>\n<meta name=\"robots\" content=\"index, follow, max-snippet:-1, max-image-preview:large, max-video-preview:-1\" \/>\n<link rel=\"canonical\" href=\"https:\/\/colegiatadebolea.es\/fr\/xxxiv-festival-internacional-en-el-camino-de-santiago\/\" \/>\n<meta property=\"og:locale\" content=\"fr_FR\" \/>\n<meta property=\"og:type\" content=\"article\" \/>\n<meta property=\"og:title\" content=\"XXXIV Festival Internacional en el Camino de Santiago - Asociaci\u00f3n de Amigos de la Colegiata de Bolea - Huesca\" \/>\n<meta property=\"og:url\" content=\"https:\/\/colegiatadebolea.es\/fr\/xxxiv-festival-internacional-en-el-camino-de-santiago\/\" \/>\n<meta property=\"og:site_name\" content=\"Asociaci\u00f3n de Amigos de la Colegiata de Bolea - Huesca\" \/>\n<meta property=\"article:publisher\" content=\"https:\/\/www.facebook.com\/pages\/ColegiatadeBolea\/915137545269794\/\" \/>\n<meta property=\"article:published_time\" content=\"2025-07-23T09:43:07+00:00\" \/>\n<meta property=\"article:modified_time\" content=\"2025-10-14T15:18:03+00:00\" \/>\n<meta property=\"og:image\" content=\"https:\/\/colegiatadebolea.es\/wp-content\/uploads\/colegiata-de-bolea-huesca-actualidad-xxiv-festival-camino-de-santiago-2025.jpg\" \/>\n\t<meta property=\"og:image:width\" content=\"1800\" \/>\n\t<meta property=\"og:image:height\" content=\"1745\" \/>\n\t<meta property=\"og:image:type\" content=\"image\/jpeg\" \/>\n<meta name=\"author\" content=\"DavidR\" \/>\n<meta name=\"twitter:card\" content=\"summary_large_image\" \/>\n<meta name=\"twitter:label1\" content=\"\u00c9crit par\" \/>\n\t<meta name=\"twitter:data1\" content=\"DavidR\" \/>\n\t<meta name=\"twitter:label2\" content=\"Dur\u00e9e de lecture estim\u00e9e\" \/>\n\t<meta name=\"twitter:data2\" content=\"1 minute\" \/>\n<script type=\"application\/ld+json\" class=\"yoast-schema-graph\">{\"@context\":\"https:\/\/schema.org\",\"@graph\":[{\"@type\":\"Article\",\"@id\":\"https:\/\/colegiatadebolea.es\/fr\/xxxiv-festival-internacional-en-el-camino-de-santiago\/#article\",\"isPartOf\":{\"@id\":\"https:\/\/colegiatadebolea.es\/fr\/xxxiv-festival-internacional-en-el-camino-de-santiago\/\"},\"author\":{\"name\":\"DavidR\",\"@id\":\"https:\/\/colegiatadebolea.es\/fr\/#\/schema\/person\/e2ffb8f4f91914329c5075b6c60aabc9\"},\"headline\":\"XXXIV Festival Internacional en el Camino de Santiago\",\"datePublished\":\"2025-07-23T09:43:07+00:00\",\"dateModified\":\"2025-10-14T15:18:03+00:00\",\"mainEntityOfPage\":{\"@id\":\"https:\/\/colegiatadebolea.es\/fr\/xxxiv-festival-internacional-en-el-camino-de-santiago\/\"},\"wordCount\":184,\"commentCount\":0,\"publisher\":{\"@id\":\"https:\/\/colegiatadebolea.es\/fr\/#organization\"},\"image\":{\"@id\":\"https:\/\/colegiatadebolea.es\/fr\/xxxiv-festival-internacional-en-el-camino-de-santiago\/#primaryimage\"},\"thumbnailUrl\":\"https:\/\/colegiatadebolea.es\/wp-content\/uploads\/colegiata-de-bolea-huesca-actualidad-xxiv-festival-camino-de-santiago-2025.jpg\",\"articleSection\":[\"2025\",\"Concerts\",\"La Coll\u00e9giale de Bol\u00e9a\"],\"inLanguage\":\"fr-FR\",\"potentialAction\":[{\"@type\":\"CommentAction\",\"name\":\"Comment\",\"target\":[\"https:\/\/colegiatadebolea.es\/fr\/xxxiv-festival-internacional-en-el-camino-de-santiago\/#respond\"]}]},{\"@type\":\"WebPage\",\"@id\":\"https:\/\/colegiatadebolea.es\/fr\/xxxiv-festival-internacional-en-el-camino-de-santiago\/\",\"url\":\"https:\/\/colegiatadebolea.es\/fr\/xxxiv-festival-internacional-en-el-camino-de-santiago\/\",\"name\":\"XXXIV Festival Internacional en el Camino de Santiago - Asociaci\u00f3n de Amigos de la Colegiata de Bolea - Huesca\",\"isPartOf\":{\"@id\":\"https:\/\/colegiatadebolea.es\/fr\/#website\"},\"primaryImageOfPage\":{\"@id\":\"https:\/\/colegiatadebolea.es\/fr\/xxxiv-festival-internacional-en-el-camino-de-santiago\/#primaryimage\"},\"image\":{\"@id\":\"https:\/\/colegiatadebolea.es\/fr\/xxxiv-festival-internacional-en-el-camino-de-santiago\/#primaryimage\"},\"thumbnailUrl\":\"https:\/\/colegiatadebolea.es\/wp-content\/uploads\/colegiata-de-bolea-huesca-actualidad-xxiv-festival-camino-de-santiago-2025.jpg\",\"datePublished\":\"2025-07-23T09:43:07+00:00\",\"dateModified\":\"2025-10-14T15:18:03+00:00\",\"breadcrumb\":{\"@id\":\"https:\/\/colegiatadebolea.es\/fr\/xxxiv-festival-internacional-en-el-camino-de-santiago\/#breadcrumb\"},\"inLanguage\":\"fr-FR\",\"potentialAction\":[{\"@type\":\"ReadAction\",\"target\":[\"https:\/\/colegiatadebolea.es\/fr\/xxxiv-festival-internacional-en-el-camino-de-santiago\/\"]}]},{\"@type\":\"ImageObject\",\"inLanguage\":\"fr-FR\",\"@id\":\"https:\/\/colegiatadebolea.es\/fr\/xxxiv-festival-internacional-en-el-camino-de-santiago\/#primaryimage\",\"url\":\"https:\/\/colegiatadebolea.es\/wp-content\/uploads\/colegiata-de-bolea-huesca-actualidad-xxiv-festival-camino-de-santiago-2025.jpg\",\"contentUrl\":\"https:\/\/colegiatadebolea.es\/wp-content\/uploads\/colegiata-de-bolea-huesca-actualidad-xxiv-festival-camino-de-santiago-2025.jpg\",\"width\":1800,\"height\":1745,\"caption\":\"14\/05\/2025 Cartel del Festival Internacional en el Camino de Santiago 2025.. El Festival Internacional en el Camino de Santiago llega a su trig\u00e9sima cuarta edici\u00f3n, del 31 de julio al 24 de agosto, dedicado en esta ocasi\u00f3n al 275\u00ba aniversario de la muerte de Johann Sebastian Bach. POLITICA ESPA\u00d1A EUROPA ARAG\u00d3N CULTURA FESTIVAL FICS.\"},{\"@type\":\"BreadcrumbList\",\"@id\":\"https:\/\/colegiatadebolea.es\/fr\/xxxiv-festival-internacional-en-el-camino-de-santiago\/#breadcrumb\",\"itemListElement\":[{\"@type\":\"ListItem\",\"position\":1,\"name\":\"Portada\",\"item\":\"https:\/\/colegiatadebolea.es\/fr\/\"},{\"@type\":\"ListItem\",\"position\":2,\"name\":\"XXXIV Festival Internacional en el Camino de Santiago\"}]},{\"@type\":\"WebSite\",\"@id\":\"https:\/\/colegiatadebolea.es\/fr\/#website\",\"url\":\"https:\/\/colegiatadebolea.es\/fr\/\",\"name\":\"Asociaci\u00f3n de Amigos de la Colegiata de Bolea - Huesca\",\"description\":\"Colegiata de Santa Mar\u00eda la Mayor de Bolea es una iglesia en la transici\u00f3n del g\u00f3tico al renacimiento construida entre 1541 y 1599 por Pedro de Ir\u00e1zabal. Retablo Mayor obra maestra de la pintura espa\u00f1ola del renacimiento.\",\"publisher\":{\"@id\":\"https:\/\/colegiatadebolea.es\/fr\/#organization\"},\"alternateName\":\"Colegiata de Bolea\",\"potentialAction\":[{\"@type\":\"SearchAction\",\"target\":{\"@type\":\"EntryPoint\",\"urlTemplate\":\"https:\/\/colegiatadebolea.es\/fr\/?s={search_term_string}\"},\"query-input\":{\"@type\":\"PropertyValueSpecification\",\"valueRequired\":true,\"valueName\":\"search_term_string\"}}],\"inLanguage\":\"fr-FR\"},{\"@type\":\"Organization\",\"@id\":\"https:\/\/colegiatadebolea.es\/fr\/#organization\",\"name\":\"Asociaci\u00f3n de Amigos de la Colegiata de Bolea\",\"url\":\"https:\/\/colegiatadebolea.es\/fr\/\",\"logo\":{\"@type\":\"ImageObject\",\"inLanguage\":\"fr-FR\",\"@id\":\"https:\/\/colegiatadebolea.es\/fr\/#\/schema\/logo\/image\/\",\"url\":\"https:\/\/colegiatadebolea.es\/wp-content\/uploads\/colegiata-de-bolea-logoamigos-favicon.png\",\"contentUrl\":\"https:\/\/colegiatadebolea.es\/wp-content\/uploads\/colegiata-de-bolea-logoamigos-favicon.png\",\"width\":512,\"height\":512,\"caption\":\"Asociaci\u00f3n de Amigos de la Colegiata de Bolea\"},\"image\":{\"@id\":\"https:\/\/colegiatadebolea.es\/fr\/#\/schema\/logo\/image\/\"},\"sameAs\":[\"https:\/\/www.facebook.com\/pages\/ColegiatadeBolea\/915137545269794\/\",\"https:\/\/www.instagram.com\/colegiatadebolea\"]},{\"@type\":\"Person\",\"@id\":\"https:\/\/colegiatadebolea.es\/fr\/#\/schema\/person\/e2ffb8f4f91914329c5075b6c60aabc9\",\"name\":\"DavidR\",\"image\":{\"@type\":\"ImageObject\",\"inLanguage\":\"fr-FR\",\"@id\":\"https:\/\/colegiatadebolea.es\/fr\/#\/schema\/person\/image\/\",\"url\":\"https:\/\/secure.gravatar.com\/avatar\/4ab470073904eadd68af73928f0f63de81b34e69730eb9d3156c6a2cc3e96bdf?s=96&d=mm&r=g\",\"contentUrl\":\"https:\/\/secure.gravatar.com\/avatar\/4ab470073904eadd68af73928f0f63de81b34e69730eb9d3156c6a2cc3e96bdf?s=96&d=mm&r=g\",\"caption\":\"DavidR\"}}]}<\/script>\n<!-- \/ Yoast SEO plugin. -->","yoast_head_json":{"title":"XXXIV Festival Internacional en el Camino de Santiago - Asociaci\u00f3n de Amigos de la Colegiata de Bolea - Huesca","robots":{"index":"index","follow":"follow","max-snippet":"max-snippet:-1","max-image-preview":"max-image-preview:large","max-video-preview":"max-video-preview:-1"},"canonical":"https:\/\/colegiatadebolea.es\/fr\/xxxiv-festival-internacional-en-el-camino-de-santiago\/","og_locale":"fr_FR","og_type":"article","og_title":"XXXIV Festival Internacional en el Camino de Santiago - Asociaci\u00f3n de Amigos de la Colegiata de Bolea - Huesca","og_url":"https:\/\/colegiatadebolea.es\/fr\/xxxiv-festival-internacional-en-el-camino-de-santiago\/","og_site_name":"Asociaci\u00f3n de Amigos de la Colegiata de Bolea - Huesca","article_publisher":"https:\/\/www.facebook.com\/pages\/ColegiatadeBolea\/915137545269794\/","article_published_time":"2025-07-23T09:43:07+00:00","article_modified_time":"2025-10-14T15:18:03+00:00","og_image":[{"width":1800,"height":1745,"url":"https:\/\/colegiatadebolea.es\/wp-content\/uploads\/colegiata-de-bolea-huesca-actualidad-xxiv-festival-camino-de-santiago-2025.jpg","type":"image\/jpeg"}],"author":"DavidR","twitter_card":"summary_large_image","twitter_misc":{"\u00c9crit par":"DavidR","Dur\u00e9e de lecture estim\u00e9e":"1 minute"},"schema":{"@context":"https:\/\/schema.org","@graph":[{"@type":"Article","@id":"https:\/\/colegiatadebolea.es\/fr\/xxxiv-festival-internacional-en-el-camino-de-santiago\/#article","isPartOf":{"@id":"https:\/\/colegiatadebolea.es\/fr\/xxxiv-festival-internacional-en-el-camino-de-santiago\/"},"author":{"name":"DavidR","@id":"https:\/\/colegiatadebolea.es\/fr\/#\/schema\/person\/e2ffb8f4f91914329c5075b6c60aabc9"},"headline":"XXXIV Festival Internacional en el Camino de Santiago","datePublished":"2025-07-23T09:43:07+00:00","dateModified":"2025-10-14T15:18:03+00:00","mainEntityOfPage":{"@id":"https:\/\/colegiatadebolea.es\/fr\/xxxiv-festival-internacional-en-el-camino-de-santiago\/"},"wordCount":184,"commentCount":0,"publisher":{"@id":"https:\/\/colegiatadebolea.es\/fr\/#organization"},"image":{"@id":"https:\/\/colegiatadebolea.es\/fr\/xxxiv-festival-internacional-en-el-camino-de-santiago\/#primaryimage"},"thumbnailUrl":"https:\/\/colegiatadebolea.es\/wp-content\/uploads\/colegiata-de-bolea-huesca-actualidad-xxiv-festival-camino-de-santiago-2025.jpg","articleSection":["2025","Concerts","La Coll\u00e9giale de Bol\u00e9a"],"inLanguage":"fr-FR","potentialAction":[{"@type":"CommentAction","name":"Comment","target":["https:\/\/colegiatadebolea.es\/fr\/xxxiv-festival-internacional-en-el-camino-de-santiago\/#respond"]}]},{"@type":"WebPage","@id":"https:\/\/colegiatadebolea.es\/fr\/xxxiv-festival-internacional-en-el-camino-de-santiago\/","url":"https:\/\/colegiatadebolea.es\/fr\/xxxiv-festival-internacional-en-el-camino-de-santiago\/","name":"XXXIV Festival Internacional en el Camino de Santiago - Asociaci\u00f3n de Amigos de la Colegiata de Bolea - Huesca","isPartOf":{"@id":"https:\/\/colegiatadebolea.es\/fr\/#website"},"primaryImageOfPage":{"@id":"https:\/\/colegiatadebolea.es\/fr\/xxxiv-festival-internacional-en-el-camino-de-santiago\/#primaryimage"},"image":{"@id":"https:\/\/colegiatadebolea.es\/fr\/xxxiv-festival-internacional-en-el-camino-de-santiago\/#primaryimage"},"thumbnailUrl":"https:\/\/colegiatadebolea.es\/wp-content\/uploads\/colegiata-de-bolea-huesca-actualidad-xxiv-festival-camino-de-santiago-2025.jpg","datePublished":"2025-07-23T09:43:07+00:00","dateModified":"2025-10-14T15:18:03+00:00","breadcrumb":{"@id":"https:\/\/colegiatadebolea.es\/fr\/xxxiv-festival-internacional-en-el-camino-de-santiago\/#breadcrumb"},"inLanguage":"fr-FR","potentialAction":[{"@type":"ReadAction","target":["https:\/\/colegiatadebolea.es\/fr\/xxxiv-festival-internacional-en-el-camino-de-santiago\/"]}]},{"@type":"ImageObject","inLanguage":"fr-FR","@id":"https:\/\/colegiatadebolea.es\/fr\/xxxiv-festival-internacional-en-el-camino-de-santiago\/#primaryimage","url":"https:\/\/colegiatadebolea.es\/wp-content\/uploads\/colegiata-de-bolea-huesca-actualidad-xxiv-festival-camino-de-santiago-2025.jpg","contentUrl":"https:\/\/colegiatadebolea.es\/wp-content\/uploads\/colegiata-de-bolea-huesca-actualidad-xxiv-festival-camino-de-santiago-2025.jpg","width":1800,"height":1745,"caption":"14\/05\/2025 Cartel del Festival Internacional en el Camino de Santiago 2025.. El Festival Internacional en el Camino de Santiago llega a su trig\u00e9sima cuarta edici\u00f3n, del 31 de julio al 24 de agosto, dedicado en esta ocasi\u00f3n al 275\u00ba aniversario de la muerte de Johann Sebastian Bach. POLITICA ESPA\u00d1A EUROPA ARAG\u00d3N CULTURA FESTIVAL FICS."},{"@type":"BreadcrumbList","@id":"https:\/\/colegiatadebolea.es\/fr\/xxxiv-festival-internacional-en-el-camino-de-santiago\/#breadcrumb","itemListElement":[{"@type":"ListItem","position":1,"name":"Portada","item":"https:\/\/colegiatadebolea.es\/fr\/"},{"@type":"ListItem","position":2,"name":"XXXIV Festival Internacional en el Camino de Santiago"}]},{"@type":"WebSite","@id":"https:\/\/colegiatadebolea.es\/fr\/#website","url":"https:\/\/colegiatadebolea.es\/fr\/","name":"Asociaci\u00f3n de Amigos de la Colegiata de Bolea - Huesca","description":"Colegiata de Santa Mar\u00eda la Mayor de Bolea es una iglesia en la transici\u00f3n del g\u00f3tico al renacimiento construida entre 1541 y 1599 por Pedro de Ir\u00e1zabal. Retablo Mayor obra maestra de la pintura espa\u00f1ola del renacimiento.","publisher":{"@id":"https:\/\/colegiatadebolea.es\/fr\/#organization"},"alternateName":"Colegiata de Bolea","potentialAction":[{"@type":"SearchAction","target":{"@type":"EntryPoint","urlTemplate":"https:\/\/colegiatadebolea.es\/fr\/?s={search_term_string}"},"query-input":{"@type":"PropertyValueSpecification","valueRequired":true,"valueName":"search_term_string"}}],"inLanguage":"fr-FR"},{"@type":"Organization","@id":"https:\/\/colegiatadebolea.es\/fr\/#organization","name":"Asociaci\u00f3n de Amigos de la Colegiata de Bolea","url":"https:\/\/colegiatadebolea.es\/fr\/","logo":{"@type":"ImageObject","inLanguage":"fr-FR","@id":"https:\/\/colegiatadebolea.es\/fr\/#\/schema\/logo\/image\/","url":"https:\/\/colegiatadebolea.es\/wp-content\/uploads\/colegiata-de-bolea-logoamigos-favicon.png","contentUrl":"https:\/\/colegiatadebolea.es\/wp-content\/uploads\/colegiata-de-bolea-logoamigos-favicon.png","width":512,"height":512,"caption":"Asociaci\u00f3n de Amigos de la Colegiata de Bolea"},"image":{"@id":"https:\/\/colegiatadebolea.es\/fr\/#\/schema\/logo\/image\/"},"sameAs":["https:\/\/www.facebook.com\/pages\/ColegiatadeBolea\/915137545269794\/","https:\/\/www.instagram.com\/colegiatadebolea"]},{"@type":"Person","@id":"https:\/\/colegiatadebolea.es\/fr\/#\/schema\/person\/e2ffb8f4f91914329c5075b6c60aabc9","name":"DavidR","image":{"@type":"ImageObject","inLanguage":"fr-FR","@id":"https:\/\/colegiatadebolea.es\/fr\/#\/schema\/person\/image\/","url":"https:\/\/secure.gravatar.com\/avatar\/4ab470073904eadd68af73928f0f63de81b34e69730eb9d3156c6a2cc3e96bdf?s=96&d=mm&r=g","contentUrl":"https:\/\/secure.gravatar.com\/avatar\/4ab470073904eadd68af73928f0f63de81b34e69730eb9d3156c6a2cc3e96bdf?s=96&d=mm&r=g","caption":"DavidR"}}]}},"_links":{"self":[{"href":"https:\/\/colegiatadebolea.es\/fr\/wp-json\/wp\/v2\/posts\/11074","targetHints":{"allow":["GET"]}}],"collection":[{"href":"https:\/\/colegiatadebolea.es\/fr\/wp-json\/wp\/v2\/posts"}],"about":[{"href":"https:\/\/colegiatadebolea.es\/fr\/wp-json\/wp\/v2\/types\/post"}],"author":[{"embeddable":true,"href":"https:\/\/colegiatadebolea.es\/fr\/wp-json\/wp\/v2\/users\/2"}],"replies":[{"embeddable":true,"href":"https:\/\/colegiatadebolea.es\/fr\/wp-json\/wp\/v2\/comments?post=11074"}],"version-history":[{"count":5,"href":"https:\/\/colegiatadebolea.es\/fr\/wp-json\/wp\/v2\/posts\/11074\/revisions"}],"predecessor-version":[{"id":11372,"href":"https:\/\/colegiatadebolea.es\/fr\/wp-json\/wp\/v2\/posts\/11074\/revisions\/11372"}],"wp:featuredmedia":[{"embeddable":true,"href":"https:\/\/colegiatadebolea.es\/fr\/wp-json\/wp\/v2\/media\/10745"}],"wp:attachment":[{"href":"https:\/\/colegiatadebolea.es\/fr\/wp-json\/wp\/v2\/media?parent=11074"}],"wp:term":[{"taxonomy":"category","embeddable":true,"href":"https:\/\/colegiatadebolea.es\/fr\/wp-json\/wp\/v2\/categories?post=11074"},{"taxonomy":"post_tag","embeddable":true,"href":"https:\/\/colegiatadebolea.es\/fr\/wp-json\/wp\/v2\/tags?post=11074"}],"curies":[{"name":"wp","href":"https:\/\/api.w.org\/{rel}","templated":true}]}}