{"id":11446,"date":"2025-10-16T19:38:53","date_gmt":"2025-10-16T17:38:53","guid":{"rendered":"https:\/\/colegiatadebolea.es\/journey-of-the-holy-grail-through-the-lands-of-huesca-ser-historia\/"},"modified":"2025-10-16T22:54:57","modified_gmt":"2025-10-16T20:54:57","slug":"journey-of-the-holy-grail-through-the-lands-of-huesca-ser-historia","status":"publish","type":"post","link":"https:\/\/colegiatadebolea.es\/en\/journey-of-the-holy-grail-through-the-lands-of-huesca-ser-historia\/","title":{"rendered":"Journey of the Holy Grail through the lands of Huesca. SER Historia"},"content":{"rendered":"<section class=\"l-section wpb_row height_custom\"><div class=\"l-section-h i-cf\"><div class=\"g-cols vc_row via_grid cols_1 laptops-cols_inherit tablets-cols_inherit mobiles-cols_1 valign_top type_default stacking_default\"><div class=\"wpb_column vc_column_container\"><div class=\"vc_column-inner\"><div class=\"wpb_text_column\"><div class=\"wpb_wrapper\"><p><a href=\"https:\/\/cadenaser.com\/aragon\/2025\/09\/23\/ser-historia-viaja-a-bolea-para-realizar-un-programa-desde-su-colegiata-radio-huesca\/\">SER Historia<\/a> from Cadena SER with <a href=\"https:\/\/cadenaser.com\/radio-huesca\/\" target=\"_blank\" rel=\"noopener\">Radio Huesca<\/a> will present a special program traveling to Bolea. Journey of the Holy Grail through the lands of Huesca<\/p>\n<h4>Listen to the program at the following links:<\/h4>\n<\/div><\/div><div class=\"w-separator size_medium\"><\/div><div class=\"g-cols wpb_row via_grid cols_2 laptops-cols_inherit tablets-cols_inherit mobiles-cols_1 valign_top type_default stacking_default\" style=\"--columns-gap:3rem;\"><div class=\"wpb_column vc_column_container\"><div class=\"vc_column-inner\"><div class=\"w-actionbox us_custom_e5aea6d2 color_light controls_right\"><div class=\"w-actionbox-text\"><h4 class=\"w-actionbox-title\">Cadena SER<\/h4><div class=\"w-actionbox-description\"><p>SER Historia Podcast<\/p>\n<\/div><\/div><div class=\"w-actionbox-controls\"><a class=\"w-btn us-btn-style_1\" target=\"_blank\" href=\"https:\/\/cadenaser.com\/nacional\/2025\/10\/10\/periplo-del-santo-grial-por-tierras-de-huesca-cadena-ser\/\"><span class=\"w-btn-label\">See more<\/span><\/a><\/div><\/div><div class=\"w-separator size_medium\"><\/div><div class=\"w-actionbox us_custom_e5aea6d2 color_light controls_right\"><div class=\"w-actionbox-text\"><h4 class=\"w-actionbox-title\">YouTube<\/h4><div class=\"w-actionbox-description\"><p class=\"style-scope ytd-watch-metadata\">Legends and myths of the Grail of Huesca<\/p>\n<\/div><\/div><div class=\"w-actionbox-controls\"><a class=\"w-btn us-btn-style_1\" target=\"_blank\" href=\"https:\/\/www.youtube.com\/watch?v=IPjWlfUzhIs\"><span class=\"w-btn-label\">See more<\/span><\/a><\/div><\/div><\/div><\/div><div class=\"wpb_column vc_column_container\"><div class=\"vc_column-inner\"><div class=\"w-actionbox us_custom_e5aea6d2 color_light controls_right\"><div class=\"w-actionbox-text\"><h4 class=\"w-actionbox-title\">IVOOX<\/h4><div class=\"w-actionbox-description\"><p>NachoAres.com SER Historia<\/p>\n<\/div><\/div><div class=\"w-actionbox-controls\"><a class=\"w-btn us-btn-style_1\" target=\"_blank\" href=\"https:\/\/www.ivoox.com\/ser-historia-leyendas-mitos-del-grial-audios-mp3_rf_160516450_1.html\"><span class=\"w-btn-label\">See more<\/span><\/a><\/div><\/div><div class=\"w-separator size_medium\"><\/div><div class=\"w-actionbox us_custom_e5aea6d2 color_light controls_right\"><div class=\"w-actionbox-text\"><h4 class=\"w-actionbox-title\">nachoares.com<\/h4><div class=\"w-actionbox-description\"><p><span>Ser Historia 880. <\/span><span>El grial y Huesca 12-10-2025<\/span><\/p>\n<\/div><\/div><div class=\"w-actionbox-controls\"><a class=\"w-btn us-btn-style_1\" target=\"_blank\" href=\"https:\/\/nachoares.com\/ser_historia\/ser-historia-880\/\"><span class=\"w-btn-label\">See more<\/span><\/a><\/div><\/div><\/div><\/div><\/div><\/div><\/div><\/div><\/div><\/section><section class=\"l-section wpb_row height_custom\"><div class=\"l-section-h i-cf\"><div class=\"g-cols vc_row via_grid cols_1 laptops-cols_inherit tablets-cols_inherit mobiles-cols_1 valign_top type_default stacking_default\"><div class=\"wpb_column vc_column_container\"><div class=\"vc_column-inner\"><div class=\"w-separator size_medium\"><\/div><div class=\"wpb_text_column\"><div class=\"wpb_wrapper\"><h4>Gallery<\/h4>\n<\/div><\/div><div class=\"w-separator size_medium\"><\/div><div class=\"w-gallery fit_cover type_mosaic_hor action_popup_image ratio_1x1 count_5\" style=\"--columns:4;--items-gap:10px;--items-height:30cqw;\"><div class=\"w-gallery-list\"><div class=\"w-gallery-item\"><div class=\"w-gallery-item-img\"><img loading=\"lazy\" decoding=\"async\" width=\"1200\" height=\"1600\" src=\"https:\/\/colegiatadebolea.es\/wp-content\/uploads\/colegiata-de-bolea-huesca-actualidad-ser-historia-cadena-ser-grial-001.jpg\" class=\"attachment-full size-full\" alt=\"\" srcset=\"https:\/\/colegiatadebolea.es\/wp-content\/uploads\/colegiata-de-bolea-huesca-actualidad-ser-historia-cadena-ser-grial-001.jpg 1200w, https:\/\/colegiatadebolea.es\/wp-content\/uploads\/colegiata-de-bolea-huesca-actualidad-ser-historia-cadena-ser-grial-001-225x300.jpg 225w, https:\/\/colegiatadebolea.es\/wp-content\/uploads\/colegiata-de-bolea-huesca-actualidad-ser-historia-cadena-ser-grial-001-768x1024.jpg 768w, https:\/\/colegiatadebolea.es\/wp-content\/uploads\/colegiata-de-bolea-huesca-actualidad-ser-historia-cadena-ser-grial-001-1152x1536.jpg 1152w, https:\/\/colegiatadebolea.es\/wp-content\/uploads\/colegiata-de-bolea-huesca-actualidad-ser-historia-cadena-ser-grial-001-600x800.jpg 600w, https:\/\/colegiatadebolea.es\/wp-content\/uploads\/colegiata-de-bolea-huesca-actualidad-ser-historia-cadena-ser-grial-001-550x733.jpg 550w, https:\/\/colegiatadebolea.es\/wp-content\/uploads\/colegiata-de-bolea-huesca-actualidad-ser-historia-cadena-ser-grial-001-500x667.jpg 500w, https:\/\/colegiatadebolea.es\/wp-content\/uploads\/colegiata-de-bolea-huesca-actualidad-ser-historia-cadena-ser-grial-001-450x600.jpg 450w, https:\/\/colegiatadebolea.es\/wp-content\/uploads\/colegiata-de-bolea-huesca-actualidad-ser-historia-cadena-ser-grial-001-400x533.jpg 400w, https:\/\/colegiatadebolea.es\/wp-content\/uploads\/colegiata-de-bolea-huesca-actualidad-ser-historia-cadena-ser-grial-001-350x467.jpg 350w, https:\/\/colegiatadebolea.es\/wp-content\/uploads\/colegiata-de-bolea-huesca-actualidad-ser-historia-cadena-ser-grial-001-300x400.jpg 300w, https:\/\/colegiatadebolea.es\/wp-content\/uploads\/colegiata-de-bolea-huesca-actualidad-ser-historia-cadena-ser-grial-001-250x333.jpg 250w, https:\/\/colegiatadebolea.es\/wp-content\/uploads\/colegiata-de-bolea-huesca-actualidad-ser-historia-cadena-ser-grial-001-200x267.jpg 200w, https:\/\/colegiatadebolea.es\/wp-content\/uploads\/colegiata-de-bolea-huesca-actualidad-ser-historia-cadena-ser-grial-001-175x233.jpg 175w, https:\/\/colegiatadebolea.es\/wp-content\/uploads\/colegiata-de-bolea-huesca-actualidad-ser-historia-cadena-ser-grial-001-150x200.jpg 150w, https:\/\/colegiatadebolea.es\/wp-content\/uploads\/colegiata-de-bolea-huesca-actualidad-ser-historia-cadena-ser-grial-001-125x167.jpg 125w, https:\/\/colegiatadebolea.es\/wp-content\/uploads\/colegiata-de-bolea-huesca-actualidad-ser-historia-cadena-ser-grial-001-100x133.jpg 100w, https:\/\/colegiatadebolea.es\/wp-content\/uploads\/colegiata-de-bolea-huesca-actualidad-ser-historia-cadena-ser-grial-001-75x100.jpg 75w, https:\/\/colegiatadebolea.es\/wp-content\/uploads\/colegiata-de-bolea-huesca-actualidad-ser-historia-cadena-ser-grial-001-50x67.jpg 50w, https:\/\/colegiatadebolea.es\/wp-content\/uploads\/colegiata-de-bolea-huesca-actualidad-ser-historia-cadena-ser-grial-001-25x33.jpg 25w, https:\/\/colegiatadebolea.es\/wp-content\/uploads\/colegiata-de-bolea-huesca-actualidad-ser-historia-cadena-ser-grial-001-413x550.jpg 413w, https:\/\/colegiatadebolea.es\/wp-content\/uploads\/colegiata-de-bolea-huesca-actualidad-ser-historia-cadena-ser-grial-001-375x500.jpg 375w, https:\/\/colegiatadebolea.es\/wp-content\/uploads\/colegiata-de-bolea-huesca-actualidad-ser-historia-cadena-ser-grial-001-338x450.jpg 338w, https:\/\/colegiatadebolea.es\/wp-content\/uploads\/colegiata-de-bolea-huesca-actualidad-ser-historia-cadena-ser-grial-001-188x250.jpg 188w, https:\/\/colegiatadebolea.es\/wp-content\/uploads\/colegiata-de-bolea-huesca-actualidad-ser-historia-cadena-ser-grial-001-131x175.jpg 131w, https:\/\/colegiatadebolea.es\/wp-content\/uploads\/colegiata-de-bolea-huesca-actualidad-ser-historia-cadena-ser-grial-001-113x150.jpg 113w, https:\/\/colegiatadebolea.es\/wp-content\/uploads\/colegiata-de-bolea-huesca-actualidad-ser-historia-cadena-ser-grial-001-94x125.jpg 94w, https:\/\/colegiatadebolea.es\/wp-content\/uploads\/colegiata-de-bolea-huesca-actualidad-ser-historia-cadena-ser-grial-001-56x75.jpg 56w, https:\/\/colegiatadebolea.es\/wp-content\/uploads\/colegiata-de-bolea-huesca-actualidad-ser-historia-cadena-ser-grial-001-38x50.jpg 38w, https:\/\/colegiatadebolea.es\/wp-content\/uploads\/colegiata-de-bolea-huesca-actualidad-ser-historia-cadena-ser-grial-001-19x25.jpg 19w\" sizes=\"auto, (max-width: 1200px) 100vw, 1200px\" \/><\/div><a class=\"w-gallery-item-link\" aria-label=\"bsh_vivid\" href=\"https:\/\/colegiatadebolea.es\/wp-content\/uploads\/colegiata-de-bolea-huesca-actualidad-ser-historia-cadena-ser-grial-001.jpg\"><\/a><\/div><div class=\"w-gallery-item\"><div class=\"w-gallery-item-img\"><img loading=\"lazy\" decoding=\"async\" width=\"1600\" height=\"1200\" src=\"https:\/\/colegiatadebolea.es\/wp-content\/uploads\/colegiata-de-bolea-huesca-actualidad-ser-historia-cadena-ser-grial-003.jpg\" class=\"attachment-full size-full\" alt=\"\" srcset=\"https:\/\/colegiatadebolea.es\/wp-content\/uploads\/colegiata-de-bolea-huesca-actualidad-ser-historia-cadena-ser-grial-003.jpg 1600w, https:\/\/colegiatadebolea.es\/wp-content\/uploads\/colegiata-de-bolea-huesca-actualidad-ser-historia-cadena-ser-grial-003-300x225.jpg 300w, https:\/\/colegiatadebolea.es\/wp-content\/uploads\/colegiata-de-bolea-huesca-actualidad-ser-historia-cadena-ser-grial-003-1024x768.jpg 1024w, https:\/\/colegiatadebolea.es\/wp-content\/uploads\/colegiata-de-bolea-huesca-actualidad-ser-historia-cadena-ser-grial-003-1536x1152.jpg 1536w, https:\/\/colegiatadebolea.es\/wp-content\/uploads\/colegiata-de-bolea-huesca-actualidad-ser-historia-cadena-ser-grial-003-600x450.jpg 600w, https:\/\/colegiatadebolea.es\/wp-content\/uploads\/colegiata-de-bolea-huesca-actualidad-ser-historia-cadena-ser-grial-003-550x413.jpg 550w, https:\/\/colegiatadebolea.es\/wp-content\/uploads\/colegiata-de-bolea-huesca-actualidad-ser-historia-cadena-ser-grial-003-500x375.jpg 500w, https:\/\/colegiatadebolea.es\/wp-content\/uploads\/colegiata-de-bolea-huesca-actualidad-ser-historia-cadena-ser-grial-003-450x338.jpg 450w, https:\/\/colegiatadebolea.es\/wp-content\/uploads\/colegiata-de-bolea-huesca-actualidad-ser-historia-cadena-ser-grial-003-400x300.jpg 400w, https:\/\/colegiatadebolea.es\/wp-content\/uploads\/colegiata-de-bolea-huesca-actualidad-ser-historia-cadena-ser-grial-003-350x263.jpg 350w, https:\/\/colegiatadebolea.es\/wp-content\/uploads\/colegiata-de-bolea-huesca-actualidad-ser-historia-cadena-ser-grial-003-250x188.jpg 250w, https:\/\/colegiatadebolea.es\/wp-content\/uploads\/colegiata-de-bolea-huesca-actualidad-ser-historia-cadena-ser-grial-003-200x150.jpg 200w, https:\/\/colegiatadebolea.es\/wp-content\/uploads\/colegiata-de-bolea-huesca-actualidad-ser-historia-cadena-ser-grial-003-175x131.jpg 175w, https:\/\/colegiatadebolea.es\/wp-content\/uploads\/colegiata-de-bolea-huesca-actualidad-ser-historia-cadena-ser-grial-003-150x113.jpg 150w, https:\/\/colegiatadebolea.es\/wp-content\/uploads\/colegiata-de-bolea-huesca-actualidad-ser-historia-cadena-ser-grial-003-125x94.jpg 125w, https:\/\/colegiatadebolea.es\/wp-content\/uploads\/colegiata-de-bolea-huesca-actualidad-ser-historia-cadena-ser-grial-003-100x75.jpg 100w, https:\/\/colegiatadebolea.es\/wp-content\/uploads\/colegiata-de-bolea-huesca-actualidad-ser-historia-cadena-ser-grial-003-75x56.jpg 75w, https:\/\/colegiatadebolea.es\/wp-content\/uploads\/colegiata-de-bolea-huesca-actualidad-ser-historia-cadena-ser-grial-003-50x38.jpg 50w, https:\/\/colegiatadebolea.es\/wp-content\/uploads\/colegiata-de-bolea-huesca-actualidad-ser-historia-cadena-ser-grial-003-25x19.jpg 25w, https:\/\/colegiatadebolea.es\/wp-content\/uploads\/colegiata-de-bolea-huesca-actualidad-ser-historia-cadena-ser-grial-003-800x600.jpg 800w, https:\/\/colegiatadebolea.es\/wp-content\/uploads\/colegiata-de-bolea-huesca-actualidad-ser-historia-cadena-ser-grial-003-733x550.jpg 733w, https:\/\/colegiatadebolea.es\/wp-content\/uploads\/colegiata-de-bolea-huesca-actualidad-ser-historia-cadena-ser-grial-003-667x500.jpg 667w, https:\/\/colegiatadebolea.es\/wp-content\/uploads\/colegiata-de-bolea-huesca-actualidad-ser-historia-cadena-ser-grial-003-533x400.jpg 533w, https:\/\/colegiatadebolea.es\/wp-content\/uploads\/colegiata-de-bolea-huesca-actualidad-ser-historia-cadena-ser-grial-003-333x250.jpg 333w, https:\/\/colegiatadebolea.es\/wp-content\/uploads\/colegiata-de-bolea-huesca-actualidad-ser-historia-cadena-ser-grial-003-267x200.jpg 267w, https:\/\/colegiatadebolea.es\/wp-content\/uploads\/colegiata-de-bolea-huesca-actualidad-ser-historia-cadena-ser-grial-003-233x175.jpg 233w, https:\/\/colegiatadebolea.es\/wp-content\/uploads\/colegiata-de-bolea-huesca-actualidad-ser-historia-cadena-ser-grial-003-167x125.jpg 167w, https:\/\/colegiatadebolea.es\/wp-content\/uploads\/colegiata-de-bolea-huesca-actualidad-ser-historia-cadena-ser-grial-003-133x100.jpg 133w, https:\/\/colegiatadebolea.es\/wp-content\/uploads\/colegiata-de-bolea-huesca-actualidad-ser-historia-cadena-ser-grial-003-67x50.jpg 67w, https:\/\/colegiatadebolea.es\/wp-content\/uploads\/colegiata-de-bolea-huesca-actualidad-ser-historia-cadena-ser-grial-003-33x25.jpg 33w\" sizes=\"auto, (max-width: 1600px) 100vw, 1600px\" \/><\/div><a class=\"w-gallery-item-link\" aria-label=\"bsh_vivid\" href=\"https:\/\/colegiatadebolea.es\/wp-content\/uploads\/colegiata-de-bolea-huesca-actualidad-ser-historia-cadena-ser-grial-003.jpg\"><\/a><\/div><div class=\"w-gallery-item\"><div class=\"w-gallery-item-img\"><img loading=\"lazy\" decoding=\"async\" width=\"1200\" height=\"1600\" src=\"https:\/\/colegiatadebolea.es\/wp-content\/uploads\/colegiata-de-bolea-huesca-actualidad-ser-historia-cadena-ser-grial-002.jpg\" class=\"attachment-full size-full\" alt=\"\" srcset=\"https:\/\/colegiatadebolea.es\/wp-content\/uploads\/colegiata-de-bolea-huesca-actualidad-ser-historia-cadena-ser-grial-002.jpg 1200w, https:\/\/colegiatadebolea.es\/wp-content\/uploads\/colegiata-de-bolea-huesca-actualidad-ser-historia-cadena-ser-grial-002-225x300.jpg 225w, https:\/\/colegiatadebolea.es\/wp-content\/uploads\/colegiata-de-bolea-huesca-actualidad-ser-historia-cadena-ser-grial-002-768x1024.jpg 768w, https:\/\/colegiatadebolea.es\/wp-content\/uploads\/colegiata-de-bolea-huesca-actualidad-ser-historia-cadena-ser-grial-002-1152x1536.jpg 1152w, https:\/\/colegiatadebolea.es\/wp-content\/uploads\/colegiata-de-bolea-huesca-actualidad-ser-historia-cadena-ser-grial-002-600x800.jpg 600w, https:\/\/colegiatadebolea.es\/wp-content\/uploads\/colegiata-de-bolea-huesca-actualidad-ser-historia-cadena-ser-grial-002-550x733.jpg 550w, https:\/\/colegiatadebolea.es\/wp-content\/uploads\/colegiata-de-bolea-huesca-actualidad-ser-historia-cadena-ser-grial-002-500x667.jpg 500w, https:\/\/colegiatadebolea.es\/wp-content\/uploads\/colegiata-de-bolea-huesca-actualidad-ser-historia-cadena-ser-grial-002-450x600.jpg 450w, https:\/\/colegiatadebolea.es\/wp-content\/uploads\/colegiata-de-bolea-huesca-actualidad-ser-historia-cadena-ser-grial-002-400x533.jpg 400w, https:\/\/colegiatadebolea.es\/wp-content\/uploads\/colegiata-de-bolea-huesca-actualidad-ser-historia-cadena-ser-grial-002-350x467.jpg 350w, https:\/\/colegiatadebolea.es\/wp-content\/uploads\/colegiata-de-bolea-huesca-actualidad-ser-historia-cadena-ser-grial-002-300x400.jpg 300w, https:\/\/colegiatadebolea.es\/wp-content\/uploads\/colegiata-de-bolea-huesca-actualidad-ser-historia-cadena-ser-grial-002-250x333.jpg 250w, https:\/\/colegiatadebolea.es\/wp-content\/uploads\/colegiata-de-bolea-huesca-actualidad-ser-historia-cadena-ser-grial-002-200x267.jpg 200w, https:\/\/colegiatadebolea.es\/wp-content\/uploads\/colegiata-de-bolea-huesca-actualidad-ser-historia-cadena-ser-grial-002-175x233.jpg 175w, https:\/\/colegiatadebolea.es\/wp-content\/uploads\/colegiata-de-bolea-huesca-actualidad-ser-historia-cadena-ser-grial-002-150x200.jpg 150w, https:\/\/colegiatadebolea.es\/wp-content\/uploads\/colegiata-de-bolea-huesca-actualidad-ser-historia-cadena-ser-grial-002-125x167.jpg 125w, https:\/\/colegiatadebolea.es\/wp-content\/uploads\/colegiata-de-bolea-huesca-actualidad-ser-historia-cadena-ser-grial-002-100x133.jpg 100w, https:\/\/colegiatadebolea.es\/wp-content\/uploads\/colegiata-de-bolea-huesca-actualidad-ser-historia-cadena-ser-grial-002-75x100.jpg 75w, https:\/\/colegiatadebolea.es\/wp-content\/uploads\/colegiata-de-bolea-huesca-actualidad-ser-historia-cadena-ser-grial-002-50x67.jpg 50w, https:\/\/colegiatadebolea.es\/wp-content\/uploads\/colegiata-de-bolea-huesca-actualidad-ser-historia-cadena-ser-grial-002-25x33.jpg 25w, https:\/\/colegiatadebolea.es\/wp-content\/uploads\/colegiata-de-bolea-huesca-actualidad-ser-historia-cadena-ser-grial-002-413x550.jpg 413w, https:\/\/colegiatadebolea.es\/wp-content\/uploads\/colegiata-de-bolea-huesca-actualidad-ser-historia-cadena-ser-grial-002-375x500.jpg 375w, https:\/\/colegiatadebolea.es\/wp-content\/uploads\/colegiata-de-bolea-huesca-actualidad-ser-historia-cadena-ser-grial-002-338x450.jpg 338w, https:\/\/colegiatadebolea.es\/wp-content\/uploads\/colegiata-de-bolea-huesca-actualidad-ser-historia-cadena-ser-grial-002-188x250.jpg 188w, https:\/\/colegiatadebolea.es\/wp-content\/uploads\/colegiata-de-bolea-huesca-actualidad-ser-historia-cadena-ser-grial-002-131x175.jpg 131w, https:\/\/colegiatadebolea.es\/wp-content\/uploads\/colegiata-de-bolea-huesca-actualidad-ser-historia-cadena-ser-grial-002-113x150.jpg 113w, https:\/\/colegiatadebolea.es\/wp-content\/uploads\/colegiata-de-bolea-huesca-actualidad-ser-historia-cadena-ser-grial-002-94x125.jpg 94w, https:\/\/colegiatadebolea.es\/wp-content\/uploads\/colegiata-de-bolea-huesca-actualidad-ser-historia-cadena-ser-grial-002-56x75.jpg 56w, https:\/\/colegiatadebolea.es\/wp-content\/uploads\/colegiata-de-bolea-huesca-actualidad-ser-historia-cadena-ser-grial-002-38x50.jpg 38w, https:\/\/colegiatadebolea.es\/wp-content\/uploads\/colegiata-de-bolea-huesca-actualidad-ser-historia-cadena-ser-grial-002-19x25.jpg 19w\" sizes=\"auto, (max-width: 1200px) 100vw, 1200px\" \/><\/div><a class=\"w-gallery-item-link\" aria-label=\"rbsh_vivid\" href=\"https:\/\/colegiatadebolea.es\/wp-content\/uploads\/colegiata-de-bolea-huesca-actualidad-ser-historia-cadena-ser-grial-002.jpg\"><\/a><\/div><div class=\"w-gallery-item\"><div class=\"w-gallery-item-img\"><img loading=\"lazy\" decoding=\"async\" width=\"1600\" height=\"1200\" src=\"https:\/\/colegiatadebolea.es\/wp-content\/uploads\/colegiata-de-bolea-huesca-actualidad-ser-historia-cadena-ser-grial-004.jpg\" class=\"attachment-full size-full\" alt=\"\" srcset=\"https:\/\/colegiatadebolea.es\/wp-content\/uploads\/colegiata-de-bolea-huesca-actualidad-ser-historia-cadena-ser-grial-004.jpg 1600w, https:\/\/colegiatadebolea.es\/wp-content\/uploads\/colegiata-de-bolea-huesca-actualidad-ser-historia-cadena-ser-grial-004-300x225.jpg 300w, https:\/\/colegiatadebolea.es\/wp-content\/uploads\/colegiata-de-bolea-huesca-actualidad-ser-historia-cadena-ser-grial-004-1024x768.jpg 1024w, https:\/\/colegiatadebolea.es\/wp-content\/uploads\/colegiata-de-bolea-huesca-actualidad-ser-historia-cadena-ser-grial-004-1536x1152.jpg 1536w, https:\/\/colegiatadebolea.es\/wp-content\/uploads\/colegiata-de-bolea-huesca-actualidad-ser-historia-cadena-ser-grial-004-600x450.jpg 600w, https:\/\/colegiatadebolea.es\/wp-content\/uploads\/colegiata-de-bolea-huesca-actualidad-ser-historia-cadena-ser-grial-004-550x413.jpg 550w, https:\/\/colegiatadebolea.es\/wp-content\/uploads\/colegiata-de-bolea-huesca-actualidad-ser-historia-cadena-ser-grial-004-500x375.jpg 500w, https:\/\/colegiatadebolea.es\/wp-content\/uploads\/colegiata-de-bolea-huesca-actualidad-ser-historia-cadena-ser-grial-004-450x338.jpg 450w, https:\/\/colegiatadebolea.es\/wp-content\/uploads\/colegiata-de-bolea-huesca-actualidad-ser-historia-cadena-ser-grial-004-400x300.jpg 400w, https:\/\/colegiatadebolea.es\/wp-content\/uploads\/colegiata-de-bolea-huesca-actualidad-ser-historia-cadena-ser-grial-004-350x263.jpg 350w, https:\/\/colegiatadebolea.es\/wp-content\/uploads\/colegiata-de-bolea-huesca-actualidad-ser-historia-cadena-ser-grial-004-250x188.jpg 250w, https:\/\/colegiatadebolea.es\/wp-content\/uploads\/colegiata-de-bolea-huesca-actualidad-ser-historia-cadena-ser-grial-004-200x150.jpg 200w, https:\/\/colegiatadebolea.es\/wp-content\/uploads\/colegiata-de-bolea-huesca-actualidad-ser-historia-cadena-ser-grial-004-175x131.jpg 175w, https:\/\/colegiatadebolea.es\/wp-content\/uploads\/colegiata-de-bolea-huesca-actualidad-ser-historia-cadena-ser-grial-004-150x113.jpg 150w, https:\/\/colegiatadebolea.es\/wp-content\/uploads\/colegiata-de-bolea-huesca-actualidad-ser-historia-cadena-ser-grial-004-125x94.jpg 125w, https:\/\/colegiatadebolea.es\/wp-content\/uploads\/colegiata-de-bolea-huesca-actualidad-ser-historia-cadena-ser-grial-004-100x75.jpg 100w, https:\/\/colegiatadebolea.es\/wp-content\/uploads\/colegiata-de-bolea-huesca-actualidad-ser-historia-cadena-ser-grial-004-75x56.jpg 75w, https:\/\/colegiatadebolea.es\/wp-content\/uploads\/colegiata-de-bolea-huesca-actualidad-ser-historia-cadena-ser-grial-004-50x38.jpg 50w, https:\/\/colegiatadebolea.es\/wp-content\/uploads\/colegiata-de-bolea-huesca-actualidad-ser-historia-cadena-ser-grial-004-25x19.jpg 25w, https:\/\/colegiatadebolea.es\/wp-content\/uploads\/colegiata-de-bolea-huesca-actualidad-ser-historia-cadena-ser-grial-004-800x600.jpg 800w, https:\/\/colegiatadebolea.es\/wp-content\/uploads\/colegiata-de-bolea-huesca-actualidad-ser-historia-cadena-ser-grial-004-733x550.jpg 733w, https:\/\/colegiatadebolea.es\/wp-content\/uploads\/colegiata-de-bolea-huesca-actualidad-ser-historia-cadena-ser-grial-004-667x500.jpg 667w, https:\/\/colegiatadebolea.es\/wp-content\/uploads\/colegiata-de-bolea-huesca-actualidad-ser-historia-cadena-ser-grial-004-533x400.jpg 533w, https:\/\/colegiatadebolea.es\/wp-content\/uploads\/colegiata-de-bolea-huesca-actualidad-ser-historia-cadena-ser-grial-004-333x250.jpg 333w, https:\/\/colegiatadebolea.es\/wp-content\/uploads\/colegiata-de-bolea-huesca-actualidad-ser-historia-cadena-ser-grial-004-267x200.jpg 267w, https:\/\/colegiatadebolea.es\/wp-content\/uploads\/colegiata-de-bolea-huesca-actualidad-ser-historia-cadena-ser-grial-004-233x175.jpg 233w, https:\/\/colegiatadebolea.es\/wp-content\/uploads\/colegiata-de-bolea-huesca-actualidad-ser-historia-cadena-ser-grial-004-167x125.jpg 167w, https:\/\/colegiatadebolea.es\/wp-content\/uploads\/colegiata-de-bolea-huesca-actualidad-ser-historia-cadena-ser-grial-004-133x100.jpg 133w, https:\/\/colegiatadebolea.es\/wp-content\/uploads\/colegiata-de-bolea-huesca-actualidad-ser-historia-cadena-ser-grial-004-67x50.jpg 67w, https:\/\/colegiatadebolea.es\/wp-content\/uploads\/colegiata-de-bolea-huesca-actualidad-ser-historia-cadena-ser-grial-004-33x25.jpg 33w\" sizes=\"auto, (max-width: 1600px) 100vw, 1600px\" \/><\/div><a class=\"w-gallery-item-link\" aria-label=\"ptr\" href=\"https:\/\/colegiatadebolea.es\/wp-content\/uploads\/colegiata-de-bolea-huesca-actualidad-ser-historia-cadena-ser-grial-004.jpg\"><\/a><\/div><div class=\"w-gallery-item\"><div class=\"w-gallery-item-img\"><img loading=\"lazy\" decoding=\"async\" width=\"1600\" height=\"1200\" src=\"https:\/\/colegiatadebolea.es\/wp-content\/uploads\/colegiata-de-bolea-huesca-actualidad-ser-historia-cadena-ser-grial-005.jpg\" class=\"attachment-full size-full\" alt=\"\" srcset=\"https:\/\/colegiatadebolea.es\/wp-content\/uploads\/colegiata-de-bolea-huesca-actualidad-ser-historia-cadena-ser-grial-005.jpg 1600w, https:\/\/colegiatadebolea.es\/wp-content\/uploads\/colegiata-de-bolea-huesca-actualidad-ser-historia-cadena-ser-grial-005-300x225.jpg 300w, https:\/\/colegiatadebolea.es\/wp-content\/uploads\/colegiata-de-bolea-huesca-actualidad-ser-historia-cadena-ser-grial-005-1024x768.jpg 1024w, https:\/\/colegiatadebolea.es\/wp-content\/uploads\/colegiata-de-bolea-huesca-actualidad-ser-historia-cadena-ser-grial-005-1536x1152.jpg 1536w, https:\/\/colegiatadebolea.es\/wp-content\/uploads\/colegiata-de-bolea-huesca-actualidad-ser-historia-cadena-ser-grial-005-600x450.jpg 600w, https:\/\/colegiatadebolea.es\/wp-content\/uploads\/colegiata-de-bolea-huesca-actualidad-ser-historia-cadena-ser-grial-005-550x413.jpg 550w, https:\/\/colegiatadebolea.es\/wp-content\/uploads\/colegiata-de-bolea-huesca-actualidad-ser-historia-cadena-ser-grial-005-500x375.jpg 500w, https:\/\/colegiatadebolea.es\/wp-content\/uploads\/colegiata-de-bolea-huesca-actualidad-ser-historia-cadena-ser-grial-005-450x338.jpg 450w, https:\/\/colegiatadebolea.es\/wp-content\/uploads\/colegiata-de-bolea-huesca-actualidad-ser-historia-cadena-ser-grial-005-400x300.jpg 400w, https:\/\/colegiatadebolea.es\/wp-content\/uploads\/colegiata-de-bolea-huesca-actualidad-ser-historia-cadena-ser-grial-005-350x263.jpg 350w, https:\/\/colegiatadebolea.es\/wp-content\/uploads\/colegiata-de-bolea-huesca-actualidad-ser-historia-cadena-ser-grial-005-250x188.jpg 250w, https:\/\/colegiatadebolea.es\/wp-content\/uploads\/colegiata-de-bolea-huesca-actualidad-ser-historia-cadena-ser-grial-005-200x150.jpg 200w, https:\/\/colegiatadebolea.es\/wp-content\/uploads\/colegiata-de-bolea-huesca-actualidad-ser-historia-cadena-ser-grial-005-175x131.jpg 175w, https:\/\/colegiatadebolea.es\/wp-content\/uploads\/colegiata-de-bolea-huesca-actualidad-ser-historia-cadena-ser-grial-005-150x113.jpg 150w, https:\/\/colegiatadebolea.es\/wp-content\/uploads\/colegiata-de-bolea-huesca-actualidad-ser-historia-cadena-ser-grial-005-125x94.jpg 125w, https:\/\/colegiatadebolea.es\/wp-content\/uploads\/colegiata-de-bolea-huesca-actualidad-ser-historia-cadena-ser-grial-005-100x75.jpg 100w, https:\/\/colegiatadebolea.es\/wp-content\/uploads\/colegiata-de-bolea-huesca-actualidad-ser-historia-cadena-ser-grial-005-75x56.jpg 75w, https:\/\/colegiatadebolea.es\/wp-content\/uploads\/colegiata-de-bolea-huesca-actualidad-ser-historia-cadena-ser-grial-005-50x38.jpg 50w, https:\/\/colegiatadebolea.es\/wp-content\/uploads\/colegiata-de-bolea-huesca-actualidad-ser-historia-cadena-ser-grial-005-25x19.jpg 25w, https:\/\/colegiatadebolea.es\/wp-content\/uploads\/colegiata-de-bolea-huesca-actualidad-ser-historia-cadena-ser-grial-005-800x600.jpg 800w, https:\/\/colegiatadebolea.es\/wp-content\/uploads\/colegiata-de-bolea-huesca-actualidad-ser-historia-cadena-ser-grial-005-733x550.jpg 733w, https:\/\/colegiatadebolea.es\/wp-content\/uploads\/colegiata-de-bolea-huesca-actualidad-ser-historia-cadena-ser-grial-005-667x500.jpg 667w, https:\/\/colegiatadebolea.es\/wp-content\/uploads\/colegiata-de-bolea-huesca-actualidad-ser-historia-cadena-ser-grial-005-533x400.jpg 533w, https:\/\/colegiatadebolea.es\/wp-content\/uploads\/colegiata-de-bolea-huesca-actualidad-ser-historia-cadena-ser-grial-005-333x250.jpg 333w, https:\/\/colegiatadebolea.es\/wp-content\/uploads\/colegiata-de-bolea-huesca-actualidad-ser-historia-cadena-ser-grial-005-267x200.jpg 267w, https:\/\/colegiatadebolea.es\/wp-content\/uploads\/colegiata-de-bolea-huesca-actualidad-ser-historia-cadena-ser-grial-005-233x175.jpg 233w, https:\/\/colegiatadebolea.es\/wp-content\/uploads\/colegiata-de-bolea-huesca-actualidad-ser-historia-cadena-ser-grial-005-167x125.jpg 167w, https:\/\/colegiatadebolea.es\/wp-content\/uploads\/colegiata-de-bolea-huesca-actualidad-ser-historia-cadena-ser-grial-005-133x100.jpg 133w, https:\/\/colegiatadebolea.es\/wp-content\/uploads\/colegiata-de-bolea-huesca-actualidad-ser-historia-cadena-ser-grial-005-67x50.jpg 67w, https:\/\/colegiatadebolea.es\/wp-content\/uploads\/colegiata-de-bolea-huesca-actualidad-ser-historia-cadena-ser-grial-005-33x25.jpg 33w\" sizes=\"auto, (max-width: 1600px) 100vw, 1600px\" \/><\/div><a class=\"w-gallery-item-link\" aria-label=\"bsh_vivid\" href=\"https:\/\/colegiatadebolea.es\/wp-content\/uploads\/colegiata-de-bolea-huesca-actualidad-ser-historia-cadena-ser-grial-005.jpg\"><\/a><\/div><\/div><\/div><\/div><\/div><\/div><\/div><\/section>\n","protected":false},"excerpt":{"rendered":"SER Historia from Cadena SER with Radio Huesca will present a special program traveling to Bolea. Journey of the Holy Grail through the lands of Huesca Listen to the program at the following links: Cadena SERSER Historia Podcast See moreYouTubeLegends and myths of the Grail of Huesca See moreIVOOXNachoAres.com SER Historia See morenachoares.comSer Historia 880....","protected":false},"author":2,"featured_media":11422,"comment_status":"open","ping_status":"open","sticky":false,"template":"","format":"standard","meta":{"_acf_changed":false,"footnotes":""},"categories":[102,101,100],"tags":[],"class_list":["post-11446","post","type-post","status-publish","format-standard","has-post-thumbnail","hentry","category-2025-en","category-concerts","category-the-collegiate-church-of-bolea"],"acf":[],"yoast_head":"<!-- This site is optimized with the Yoast SEO plugin v25.8 - https:\/\/yoast.com\/wordpress\/plugins\/seo\/ -->\n<title>Journey of the Holy Grail through the lands of Huesca. SER Historia - Asociaci\u00f3n de Amigos de la Colegiata de Bolea - Huesca<\/title>\n<meta name=\"description\" content=\"SER Historia, a program from Cadena SER, along with Radio Huesca, will present a special program traveling to Bolea. The program will be recorded at the Collegiate Church of Bolea.\" \/>\n<meta name=\"robots\" content=\"index, follow, max-snippet:-1, max-image-preview:large, max-video-preview:-1\" \/>\n<link rel=\"canonical\" href=\"https:\/\/colegiatadebolea.es\/en\/journey-of-the-holy-grail-through-the-lands-of-huesca-ser-historia\/\" \/>\n<meta property=\"og:locale\" content=\"en_US\" \/>\n<meta property=\"og:type\" content=\"article\" \/>\n<meta property=\"og:title\" content=\"Journey of the Holy Grail through the lands of Huesca. SER Historia - Asociaci\u00f3n de Amigos de la Colegiata de Bolea - Huesca\" \/>\n<meta property=\"og:description\" content=\"SER Historia, a program from Cadena SER, along with Radio Huesca, will present a special program traveling to Bolea. The program will be recorded at the Collegiate Church of Bolea.\" \/>\n<meta property=\"og:url\" content=\"https:\/\/colegiatadebolea.es\/en\/journey-of-the-holy-grail-through-the-lands-of-huesca-ser-historia\/\" \/>\n<meta property=\"og:site_name\" content=\"Asociaci\u00f3n de Amigos de la Colegiata de Bolea - Huesca\" \/>\n<meta property=\"article:publisher\" content=\"https:\/\/www.facebook.com\/pages\/ColegiatadeBolea\/915137545269794\/\" \/>\n<meta property=\"article:published_time\" content=\"2025-10-16T17:38:53+00:00\" \/>\n<meta property=\"article:modified_time\" content=\"2025-10-16T20:54:57+00:00\" \/>\n<meta property=\"og:image\" content=\"https:\/\/colegiatadebolea.es\/wp-content\/uploads\/colegiata-de-bolea-huesca-actualidad-ser-historia-cadena-ser-grial-id.jpg\" \/>\n\t<meta property=\"og:image:width\" content=\"900\" \/>\n\t<meta property=\"og:image:height\" content=\"1200\" \/>\n\t<meta property=\"og:image:type\" content=\"image\/jpeg\" \/>\n<meta name=\"author\" content=\"DavidR\" \/>\n<meta name=\"twitter:card\" content=\"summary_large_image\" \/>\n<meta name=\"twitter:label1\" content=\"Written by\" \/>\n\t<meta name=\"twitter:data1\" content=\"DavidR\" \/>\n\t<meta name=\"twitter:label2\" content=\"Est. reading time\" \/>\n\t<meta name=\"twitter:data2\" content=\"2 minutes\" \/>\n<script type=\"application\/ld+json\" class=\"yoast-schema-graph\">{\"@context\":\"https:\/\/schema.org\",\"@graph\":[{\"@type\":\"Article\",\"@id\":\"https:\/\/colegiatadebolea.es\/en\/journey-of-the-holy-grail-through-the-lands-of-huesca-ser-historia\/#article\",\"isPartOf\":{\"@id\":\"https:\/\/colegiatadebolea.es\/en\/journey-of-the-holy-grail-through-the-lands-of-huesca-ser-historia\/\"},\"author\":{\"name\":\"DavidR\",\"@id\":\"https:\/\/colegiatadebolea.es\/en\/#\/schema\/person\/e2ffb8f4f91914329c5075b6c60aabc9\"},\"headline\":\"Journey of the Holy Grail through the lands of Huesca. SER Historia\",\"datePublished\":\"2025-10-16T17:38:53+00:00\",\"dateModified\":\"2025-10-16T20:54:57+00:00\",\"mainEntityOfPage\":{\"@id\":\"https:\/\/colegiatadebolea.es\/en\/journey-of-the-holy-grail-through-the-lands-of-huesca-ser-historia\/\"},\"wordCount\":344,\"commentCount\":0,\"publisher\":{\"@id\":\"https:\/\/colegiatadebolea.es\/en\/#organization\"},\"image\":{\"@id\":\"https:\/\/colegiatadebolea.es\/en\/journey-of-the-holy-grail-through-the-lands-of-huesca-ser-historia\/#primaryimage\"},\"thumbnailUrl\":\"https:\/\/colegiatadebolea.es\/wp-content\/uploads\/colegiata-de-bolea-huesca-actualidad-ser-historia-cadena-ser-grial-id.jpg\",\"articleSection\":[\"2025\",\"Concerts\",\"The Collegiate Church of Bolea\"],\"inLanguage\":\"en-US\",\"potentialAction\":[{\"@type\":\"CommentAction\",\"name\":\"Comment\",\"target\":[\"https:\/\/colegiatadebolea.es\/en\/journey-of-the-holy-grail-through-the-lands-of-huesca-ser-historia\/#respond\"]}]},{\"@type\":\"WebPage\",\"@id\":\"https:\/\/colegiatadebolea.es\/en\/journey-of-the-holy-grail-through-the-lands-of-huesca-ser-historia\/\",\"url\":\"https:\/\/colegiatadebolea.es\/en\/journey-of-the-holy-grail-through-the-lands-of-huesca-ser-historia\/\",\"name\":\"Journey of the Holy Grail through the lands of Huesca. SER Historia - Asociaci\u00f3n de Amigos de la Colegiata de Bolea - Huesca\",\"isPartOf\":{\"@id\":\"https:\/\/colegiatadebolea.es\/en\/#website\"},\"primaryImageOfPage\":{\"@id\":\"https:\/\/colegiatadebolea.es\/en\/journey-of-the-holy-grail-through-the-lands-of-huesca-ser-historia\/#primaryimage\"},\"image\":{\"@id\":\"https:\/\/colegiatadebolea.es\/en\/journey-of-the-holy-grail-through-the-lands-of-huesca-ser-historia\/#primaryimage\"},\"thumbnailUrl\":\"https:\/\/colegiatadebolea.es\/wp-content\/uploads\/colegiata-de-bolea-huesca-actualidad-ser-historia-cadena-ser-grial-id.jpg\",\"datePublished\":\"2025-10-16T17:38:53+00:00\",\"dateModified\":\"2025-10-16T20:54:57+00:00\",\"description\":\"SER Historia, a program from Cadena SER, along with Radio Huesca, will present a special program traveling to Bolea. The program will be recorded at the Collegiate Church of Bolea.\",\"breadcrumb\":{\"@id\":\"https:\/\/colegiatadebolea.es\/en\/journey-of-the-holy-grail-through-the-lands-of-huesca-ser-historia\/#breadcrumb\"},\"inLanguage\":\"en-US\",\"potentialAction\":[{\"@type\":\"ReadAction\",\"target\":[\"https:\/\/colegiatadebolea.es\/en\/journey-of-the-holy-grail-through-the-lands-of-huesca-ser-historia\/\"]}]},{\"@type\":\"ImageObject\",\"inLanguage\":\"en-US\",\"@id\":\"https:\/\/colegiatadebolea.es\/en\/journey-of-the-holy-grail-through-the-lands-of-huesca-ser-historia\/#primaryimage\",\"url\":\"https:\/\/colegiatadebolea.es\/wp-content\/uploads\/colegiata-de-bolea-huesca-actualidad-ser-historia-cadena-ser-grial-id.jpg\",\"contentUrl\":\"https:\/\/colegiatadebolea.es\/wp-content\/uploads\/colegiata-de-bolea-huesca-actualidad-ser-historia-cadena-ser-grial-id.jpg\",\"width\":900,\"height\":1200},{\"@type\":\"BreadcrumbList\",\"@id\":\"https:\/\/colegiatadebolea.es\/en\/journey-of-the-holy-grail-through-the-lands-of-huesca-ser-historia\/#breadcrumb\",\"itemListElement\":[{\"@type\":\"ListItem\",\"position\":1,\"name\":\"Portada\",\"item\":\"https:\/\/colegiatadebolea.es\/en\/\"},{\"@type\":\"ListItem\",\"position\":2,\"name\":\"Journey of the Holy Grail through the lands of Huesca. SER Historia\"}]},{\"@type\":\"WebSite\",\"@id\":\"https:\/\/colegiatadebolea.es\/en\/#website\",\"url\":\"https:\/\/colegiatadebolea.es\/en\/\",\"name\":\"Asociaci\u00f3n de Amigos de la Colegiata de Bolea - Huesca\",\"description\":\"Colegiata de Santa Mar\u00eda la Mayor de Bolea es una iglesia en la transici\u00f3n del g\u00f3tico al renacimiento construida entre 1541 y 1599 por Pedro de Ir\u00e1zabal. Retablo Mayor obra maestra de la pintura espa\u00f1ola del renacimiento.\",\"publisher\":{\"@id\":\"https:\/\/colegiatadebolea.es\/en\/#organization\"},\"alternateName\":\"Colegiata de Bolea\",\"potentialAction\":[{\"@type\":\"SearchAction\",\"target\":{\"@type\":\"EntryPoint\",\"urlTemplate\":\"https:\/\/colegiatadebolea.es\/en\/?s={search_term_string}\"},\"query-input\":{\"@type\":\"PropertyValueSpecification\",\"valueRequired\":true,\"valueName\":\"search_term_string\"}}],\"inLanguage\":\"en-US\"},{\"@type\":\"Organization\",\"@id\":\"https:\/\/colegiatadebolea.es\/en\/#organization\",\"name\":\"Asociaci\u00f3n de Amigos de la Colegiata de Bolea\",\"url\":\"https:\/\/colegiatadebolea.es\/en\/\",\"logo\":{\"@type\":\"ImageObject\",\"inLanguage\":\"en-US\",\"@id\":\"https:\/\/colegiatadebolea.es\/en\/#\/schema\/logo\/image\/\",\"url\":\"https:\/\/colegiatadebolea.es\/wp-content\/uploads\/colegiata-de-bolea-logoamigos-favicon.png\",\"contentUrl\":\"https:\/\/colegiatadebolea.es\/wp-content\/uploads\/colegiata-de-bolea-logoamigos-favicon.png\",\"width\":512,\"height\":512,\"caption\":\"Asociaci\u00f3n de Amigos de la Colegiata de Bolea\"},\"image\":{\"@id\":\"https:\/\/colegiatadebolea.es\/en\/#\/schema\/logo\/image\/\"},\"sameAs\":[\"https:\/\/www.facebook.com\/pages\/ColegiatadeBolea\/915137545269794\/\",\"https:\/\/www.instagram.com\/colegiatadebolea\"]},{\"@type\":\"Person\",\"@id\":\"https:\/\/colegiatadebolea.es\/en\/#\/schema\/person\/e2ffb8f4f91914329c5075b6c60aabc9\",\"name\":\"DavidR\",\"image\":{\"@type\":\"ImageObject\",\"inLanguage\":\"en-US\",\"@id\":\"https:\/\/colegiatadebolea.es\/en\/#\/schema\/person\/image\/\",\"url\":\"https:\/\/secure.gravatar.com\/avatar\/4ab470073904eadd68af73928f0f63de81b34e69730eb9d3156c6a2cc3e96bdf?s=96&d=mm&r=g\",\"contentUrl\":\"https:\/\/secure.gravatar.com\/avatar\/4ab470073904eadd68af73928f0f63de81b34e69730eb9d3156c6a2cc3e96bdf?s=96&d=mm&r=g\",\"caption\":\"DavidR\"}}]}<\/script>\n<!-- \/ Yoast SEO plugin. -->","yoast_head_json":{"title":"Journey of the Holy Grail through the lands of Huesca. SER Historia - Asociaci\u00f3n de Amigos de la Colegiata de Bolea - Huesca","description":"SER Historia, a program from Cadena SER, along with Radio Huesca, will present a special program traveling to Bolea. The program will be recorded at the Collegiate Church of Bolea.","robots":{"index":"index","follow":"follow","max-snippet":"max-snippet:-1","max-image-preview":"max-image-preview:large","max-video-preview":"max-video-preview:-1"},"canonical":"https:\/\/colegiatadebolea.es\/en\/journey-of-the-holy-grail-through-the-lands-of-huesca-ser-historia\/","og_locale":"en_US","og_type":"article","og_title":"Journey of the Holy Grail through the lands of Huesca. SER Historia - Asociaci\u00f3n de Amigos de la Colegiata de Bolea - Huesca","og_description":"SER Historia, a program from Cadena SER, along with Radio Huesca, will present a special program traveling to Bolea. The program will be recorded at the Collegiate Church of Bolea.","og_url":"https:\/\/colegiatadebolea.es\/en\/journey-of-the-holy-grail-through-the-lands-of-huesca-ser-historia\/","og_site_name":"Asociaci\u00f3n de Amigos de la Colegiata de Bolea - Huesca","article_publisher":"https:\/\/www.facebook.com\/pages\/ColegiatadeBolea\/915137545269794\/","article_published_time":"2025-10-16T17:38:53+00:00","article_modified_time":"2025-10-16T20:54:57+00:00","og_image":[{"width":900,"height":1200,"url":"https:\/\/colegiatadebolea.es\/wp-content\/uploads\/colegiata-de-bolea-huesca-actualidad-ser-historia-cadena-ser-grial-id.jpg","type":"image\/jpeg"}],"author":"DavidR","twitter_card":"summary_large_image","twitter_misc":{"Written by":"DavidR","Est. reading time":"2 minutes"},"schema":{"@context":"https:\/\/schema.org","@graph":[{"@type":"Article","@id":"https:\/\/colegiatadebolea.es\/en\/journey-of-the-holy-grail-through-the-lands-of-huesca-ser-historia\/#article","isPartOf":{"@id":"https:\/\/colegiatadebolea.es\/en\/journey-of-the-holy-grail-through-the-lands-of-huesca-ser-historia\/"},"author":{"name":"DavidR","@id":"https:\/\/colegiatadebolea.es\/en\/#\/schema\/person\/e2ffb8f4f91914329c5075b6c60aabc9"},"headline":"Journey of the Holy Grail through the lands of Huesca. SER Historia","datePublished":"2025-10-16T17:38:53+00:00","dateModified":"2025-10-16T20:54:57+00:00","mainEntityOfPage":{"@id":"https:\/\/colegiatadebolea.es\/en\/journey-of-the-holy-grail-through-the-lands-of-huesca-ser-historia\/"},"wordCount":344,"commentCount":0,"publisher":{"@id":"https:\/\/colegiatadebolea.es\/en\/#organization"},"image":{"@id":"https:\/\/colegiatadebolea.es\/en\/journey-of-the-holy-grail-through-the-lands-of-huesca-ser-historia\/#primaryimage"},"thumbnailUrl":"https:\/\/colegiatadebolea.es\/wp-content\/uploads\/colegiata-de-bolea-huesca-actualidad-ser-historia-cadena-ser-grial-id.jpg","articleSection":["2025","Concerts","The Collegiate Church of Bolea"],"inLanguage":"en-US","potentialAction":[{"@type":"CommentAction","name":"Comment","target":["https:\/\/colegiatadebolea.es\/en\/journey-of-the-holy-grail-through-the-lands-of-huesca-ser-historia\/#respond"]}]},{"@type":"WebPage","@id":"https:\/\/colegiatadebolea.es\/en\/journey-of-the-holy-grail-through-the-lands-of-huesca-ser-historia\/","url":"https:\/\/colegiatadebolea.es\/en\/journey-of-the-holy-grail-through-the-lands-of-huesca-ser-historia\/","name":"Journey of the Holy Grail through the lands of Huesca. SER Historia - Asociaci\u00f3n de Amigos de la Colegiata de Bolea - Huesca","isPartOf":{"@id":"https:\/\/colegiatadebolea.es\/en\/#website"},"primaryImageOfPage":{"@id":"https:\/\/colegiatadebolea.es\/en\/journey-of-the-holy-grail-through-the-lands-of-huesca-ser-historia\/#primaryimage"},"image":{"@id":"https:\/\/colegiatadebolea.es\/en\/journey-of-the-holy-grail-through-the-lands-of-huesca-ser-historia\/#primaryimage"},"thumbnailUrl":"https:\/\/colegiatadebolea.es\/wp-content\/uploads\/colegiata-de-bolea-huesca-actualidad-ser-historia-cadena-ser-grial-id.jpg","datePublished":"2025-10-16T17:38:53+00:00","dateModified":"2025-10-16T20:54:57+00:00","description":"SER Historia, a program from Cadena SER, along with Radio Huesca, will present a special program traveling to Bolea. The program will be recorded at the Collegiate Church of Bolea.","breadcrumb":{"@id":"https:\/\/colegiatadebolea.es\/en\/journey-of-the-holy-grail-through-the-lands-of-huesca-ser-historia\/#breadcrumb"},"inLanguage":"en-US","potentialAction":[{"@type":"ReadAction","target":["https:\/\/colegiatadebolea.es\/en\/journey-of-the-holy-grail-through-the-lands-of-huesca-ser-historia\/"]}]},{"@type":"ImageObject","inLanguage":"en-US","@id":"https:\/\/colegiatadebolea.es\/en\/journey-of-the-holy-grail-through-the-lands-of-huesca-ser-historia\/#primaryimage","url":"https:\/\/colegiatadebolea.es\/wp-content\/uploads\/colegiata-de-bolea-huesca-actualidad-ser-historia-cadena-ser-grial-id.jpg","contentUrl":"https:\/\/colegiatadebolea.es\/wp-content\/uploads\/colegiata-de-bolea-huesca-actualidad-ser-historia-cadena-ser-grial-id.jpg","width":900,"height":1200},{"@type":"BreadcrumbList","@id":"https:\/\/colegiatadebolea.es\/en\/journey-of-the-holy-grail-through-the-lands-of-huesca-ser-historia\/#breadcrumb","itemListElement":[{"@type":"ListItem","position":1,"name":"Portada","item":"https:\/\/colegiatadebolea.es\/en\/"},{"@type":"ListItem","position":2,"name":"Journey of the Holy Grail through the lands of Huesca. SER Historia"}]},{"@type":"WebSite","@id":"https:\/\/colegiatadebolea.es\/en\/#website","url":"https:\/\/colegiatadebolea.es\/en\/","name":"Asociaci\u00f3n de Amigos de la Colegiata de Bolea - Huesca","description":"Colegiata de Santa Mar\u00eda la Mayor de Bolea es una iglesia en la transici\u00f3n del g\u00f3tico al renacimiento construida entre 1541 y 1599 por Pedro de Ir\u00e1zabal. Retablo Mayor obra maestra de la pintura espa\u00f1ola del renacimiento.","publisher":{"@id":"https:\/\/colegiatadebolea.es\/en\/#organization"},"alternateName":"Colegiata de Bolea","potentialAction":[{"@type":"SearchAction","target":{"@type":"EntryPoint","urlTemplate":"https:\/\/colegiatadebolea.es\/en\/?s={search_term_string}"},"query-input":{"@type":"PropertyValueSpecification","valueRequired":true,"valueName":"search_term_string"}}],"inLanguage":"en-US"},{"@type":"Organization","@id":"https:\/\/colegiatadebolea.es\/en\/#organization","name":"Asociaci\u00f3n de Amigos de la Colegiata de Bolea","url":"https:\/\/colegiatadebolea.es\/en\/","logo":{"@type":"ImageObject","inLanguage":"en-US","@id":"https:\/\/colegiatadebolea.es\/en\/#\/schema\/logo\/image\/","url":"https:\/\/colegiatadebolea.es\/wp-content\/uploads\/colegiata-de-bolea-logoamigos-favicon.png","contentUrl":"https:\/\/colegiatadebolea.es\/wp-content\/uploads\/colegiata-de-bolea-logoamigos-favicon.png","width":512,"height":512,"caption":"Asociaci\u00f3n de Amigos de la Colegiata de Bolea"},"image":{"@id":"https:\/\/colegiatadebolea.es\/en\/#\/schema\/logo\/image\/"},"sameAs":["https:\/\/www.facebook.com\/pages\/ColegiatadeBolea\/915137545269794\/","https:\/\/www.instagram.com\/colegiatadebolea"]},{"@type":"Person","@id":"https:\/\/colegiatadebolea.es\/en\/#\/schema\/person\/e2ffb8f4f91914329c5075b6c60aabc9","name":"DavidR","image":{"@type":"ImageObject","inLanguage":"en-US","@id":"https:\/\/colegiatadebolea.es\/en\/#\/schema\/person\/image\/","url":"https:\/\/secure.gravatar.com\/avatar\/4ab470073904eadd68af73928f0f63de81b34e69730eb9d3156c6a2cc3e96bdf?s=96&d=mm&r=g","contentUrl":"https:\/\/secure.gravatar.com\/avatar\/4ab470073904eadd68af73928f0f63de81b34e69730eb9d3156c6a2cc3e96bdf?s=96&d=mm&r=g","caption":"DavidR"}}]}},"_links":{"self":[{"href":"https:\/\/colegiatadebolea.es\/en\/wp-json\/wp\/v2\/posts\/11446","targetHints":{"allow":["GET"]}}],"collection":[{"href":"https:\/\/colegiatadebolea.es\/en\/wp-json\/wp\/v2\/posts"}],"about":[{"href":"https:\/\/colegiatadebolea.es\/en\/wp-json\/wp\/v2\/types\/post"}],"author":[{"embeddable":true,"href":"https:\/\/colegiatadebolea.es\/en\/wp-json\/wp\/v2\/users\/2"}],"replies":[{"embeddable":true,"href":"https:\/\/colegiatadebolea.es\/en\/wp-json\/wp\/v2\/comments?post=11446"}],"version-history":[{"count":4,"href":"https:\/\/colegiatadebolea.es\/en\/wp-json\/wp\/v2\/posts\/11446\/revisions"}],"predecessor-version":[{"id":11454,"href":"https:\/\/colegiatadebolea.es\/en\/wp-json\/wp\/v2\/posts\/11446\/revisions\/11454"}],"wp:featuredmedia":[{"embeddable":true,"href":"https:\/\/colegiatadebolea.es\/en\/wp-json\/wp\/v2\/media\/11422"}],"wp:attachment":[{"href":"https:\/\/colegiatadebolea.es\/en\/wp-json\/wp\/v2\/media?parent=11446"}],"wp:term":[{"taxonomy":"category","embeddable":true,"href":"https:\/\/colegiatadebolea.es\/en\/wp-json\/wp\/v2\/categories?post=11446"},{"taxonomy":"post_tag","embeddable":true,"href":"https:\/\/colegiatadebolea.es\/en\/wp-json\/wp\/v2\/tags?post=11446"}],"curies":[{"name":"wp","href":"https:\/\/api.w.org\/{rel}","templated":true}]}}