{"id":11348,"date":"2025-09-28T10:14:39","date_gmt":"2025-09-28T08:14:39","guid":{"rendered":"https:\/\/colegiatadebolea.es\/ser-historia-in-the-collegiate-church-of-bolea\/"},"modified":"2025-10-16T18:51:20","modified_gmt":"2025-10-16T16:51:20","slug":"ser-historia-in-the-collegiate-church-of-bolea","status":"publish","type":"post","link":"https:\/\/colegiatadebolea.es\/en\/ser-historia-in-the-collegiate-church-of-bolea\/","title":{"rendered":"SER Historia in the Collegiate Church of Bolea"},"content":{"rendered":"<section class=\"l-section wpb_row height_custom\"><div class=\"l-section-h i-cf\"><div class=\"g-cols vc_row via_grid cols_1 laptops-cols_inherit tablets-cols_inherit mobiles-cols_1 valign_top type_default stacking_default\"><div class=\"wpb_column vc_column_container\"><div class=\"vc_column-inner\"><div class=\"wpb_text_column\"><div class=\"wpb_wrapper\"><p><a href=\"https:\/\/cadenaser.com\/aragon\/2025\/09\/23\/ser-historia-viaja-a-bolea-para-realizar-un-programa-desde-su-colegiata-radio-huesca\/\">SER Historia<\/a> from Cadena SER with <a href=\"https:\/\/cadenaser.com\/radio-huesca\/\" target=\"_blank\" rel=\"noopener\">Radio Huesca<\/a> will present a special program traveling to Bolea. The program will be recorded at the Collegiate Church of Bolea. <\/p>\n<p>The public recording is scheduled for <strong>October 2 at 6:30 p.m<\/strong>.<\/p>\n<p>The protagonists will be its director Nacho Ares along with Jes\u00fas Callejo and Ana Isabel Caballero<\/p>\n<p>The program will feature the Mayor of Sotonera, Maribel Bailo, Roberto Or\u00f3s, writer specializing in Altoarag\u00f3n heritage, Cristian Laglera, and a musical performance by Ara Mundi artists Javier Ares and Fernando Ballar\u00edn. <\/p>\n<p><b> His usual space, \u201cEl Cronovisor,\u201d will be dedicated to the Holy Chalice.<\/b><\/p>\n<p>The program will air in its regular time slot from Saturday to <strong>Sunday, October 12<\/strong>.<\/p>\n<\/div><\/div><div class=\"w-separator size_medium\"><\/div><\/div><\/div><\/div><\/div><\/section>\n","protected":false},"excerpt":{"rendered":"SER Historia from Cadena SER with Radio Huesca will present a special program traveling to Bolea. The program will be recorded at the Collegiate Church of Bolea. The public recording is scheduled for October 2 at 6:30 p.m. The protagonists will be its director Nacho Ares along with Jes\u00fas Callejo and Ana Isabel Caballero The...","protected":false},"author":2,"featured_media":11343,"comment_status":"open","ping_status":"open","sticky":false,"template":"","format":"standard","meta":{"_acf_changed":false,"footnotes":""},"categories":[102,101,100],"tags":[],"class_list":["post-11348","post","type-post","status-publish","format-standard","has-post-thumbnail","hentry","category-2025-en","category-concerts","category-the-collegiate-church-of-bolea"],"acf":[],"yoast_head":"<!-- This site is optimized with the Yoast SEO plugin v25.8 - https:\/\/yoast.com\/wordpress\/plugins\/seo\/ -->\n<title>SER Historia in the Collegiate Church of Bolea - Asociaci\u00f3n de Amigos de la Colegiata de Bolea - Huesca<\/title>\n<meta name=\"description\" content=\"SER Historia, a program from Cadena SER, along with Radio Huesca, will present a special program traveling to Bolea. The program will be recorded at the Collegiate Church of Bolea.\" \/>\n<meta name=\"robots\" content=\"index, follow, max-snippet:-1, max-image-preview:large, max-video-preview:-1\" \/>\n<link rel=\"canonical\" href=\"https:\/\/colegiatadebolea.es\/en\/ser-historia-in-the-collegiate-church-of-bolea\/\" \/>\n<meta property=\"og:locale\" content=\"en_US\" \/>\n<meta property=\"og:type\" content=\"article\" \/>\n<meta property=\"og:title\" content=\"SER Historia in the Collegiate Church of Bolea - Asociaci\u00f3n de Amigos de la Colegiata de Bolea - Huesca\" \/>\n<meta property=\"og:description\" content=\"SER Historia, a program from Cadena SER, along with Radio Huesca, will present a special program traveling to Bolea. The program will be recorded at the Collegiate Church of Bolea.\" \/>\n<meta property=\"og:url\" content=\"https:\/\/colegiatadebolea.es\/en\/ser-historia-in-the-collegiate-church-of-bolea\/\" \/>\n<meta property=\"og:site_name\" content=\"Asociaci\u00f3n de Amigos de la Colegiata de Bolea - Huesca\" \/>\n<meta property=\"article:publisher\" content=\"https:\/\/www.facebook.com\/pages\/ColegiatadeBolea\/915137545269794\/\" \/>\n<meta property=\"article:published_time\" content=\"2025-09-28T08:14:39+00:00\" \/>\n<meta property=\"article:modified_time\" content=\"2025-10-16T16:51:20+00:00\" \/>\n<meta property=\"og:image\" content=\"https:\/\/colegiatadebolea.es\/wp-content\/uploads\/colegiata-de-bolea-huesca-actualidad-ser-historia-cadena-ser-grabacion.jpg\" \/>\n\t<meta property=\"og:image:width\" content=\"678\" \/>\n\t<meta property=\"og:image:height\" content=\"381\" \/>\n\t<meta property=\"og:image:type\" content=\"image\/jpeg\" \/>\n<meta name=\"author\" content=\"DavidR\" \/>\n<meta name=\"twitter:card\" content=\"summary_large_image\" \/>\n<meta name=\"twitter:label1\" content=\"Written by\" \/>\n\t<meta name=\"twitter:data1\" content=\"DavidR\" \/>\n\t<meta name=\"twitter:label2\" content=\"Est. reading time\" \/>\n\t<meta name=\"twitter:data2\" content=\"1 minute\" \/>\n<script type=\"application\/ld+json\" class=\"yoast-schema-graph\">{\"@context\":\"https:\/\/schema.org\",\"@graph\":[{\"@type\":\"Article\",\"@id\":\"https:\/\/colegiatadebolea.es\/en\/ser-historia-in-the-collegiate-church-of-bolea\/#article\",\"isPartOf\":{\"@id\":\"https:\/\/colegiatadebolea.es\/en\/ser-historia-in-the-collegiate-church-of-bolea\/\"},\"author\":{\"name\":\"DavidR\",\"@id\":\"https:\/\/colegiatadebolea.es\/en\/#\/schema\/person\/e2ffb8f4f91914329c5075b6c60aabc9\"},\"headline\":\"SER Historia in the Collegiate Church of Bolea\",\"datePublished\":\"2025-09-28T08:14:39+00:00\",\"dateModified\":\"2025-10-16T16:51:20+00:00\",\"mainEntityOfPage\":{\"@id\":\"https:\/\/colegiatadebolea.es\/en\/ser-historia-in-the-collegiate-church-of-bolea\/\"},\"wordCount\":139,\"commentCount\":0,\"publisher\":{\"@id\":\"https:\/\/colegiatadebolea.es\/en\/#organization\"},\"image\":{\"@id\":\"https:\/\/colegiatadebolea.es\/en\/ser-historia-in-the-collegiate-church-of-bolea\/#primaryimage\"},\"thumbnailUrl\":\"https:\/\/colegiatadebolea.es\/wp-content\/uploads\/colegiata-de-bolea-huesca-actualidad-ser-historia-cadena-ser-grabacion.jpg\",\"articleSection\":[\"2025\",\"Concerts\",\"The Collegiate Church of Bolea\"],\"inLanguage\":\"en-US\",\"potentialAction\":[{\"@type\":\"CommentAction\",\"name\":\"Comment\",\"target\":[\"https:\/\/colegiatadebolea.es\/en\/ser-historia-in-the-collegiate-church-of-bolea\/#respond\"]}]},{\"@type\":\"WebPage\",\"@id\":\"https:\/\/colegiatadebolea.es\/en\/ser-historia-in-the-collegiate-church-of-bolea\/\",\"url\":\"https:\/\/colegiatadebolea.es\/en\/ser-historia-in-the-collegiate-church-of-bolea\/\",\"name\":\"SER Historia in the Collegiate Church of Bolea - Asociaci\u00f3n de Amigos de la Colegiata de Bolea - Huesca\",\"isPartOf\":{\"@id\":\"https:\/\/colegiatadebolea.es\/en\/#website\"},\"primaryImageOfPage\":{\"@id\":\"https:\/\/colegiatadebolea.es\/en\/ser-historia-in-the-collegiate-church-of-bolea\/#primaryimage\"},\"image\":{\"@id\":\"https:\/\/colegiatadebolea.es\/en\/ser-historia-in-the-collegiate-church-of-bolea\/#primaryimage\"},\"thumbnailUrl\":\"https:\/\/colegiatadebolea.es\/wp-content\/uploads\/colegiata-de-bolea-huesca-actualidad-ser-historia-cadena-ser-grabacion.jpg\",\"datePublished\":\"2025-09-28T08:14:39+00:00\",\"dateModified\":\"2025-10-16T16:51:20+00:00\",\"description\":\"SER Historia, a program from Cadena SER, along with Radio Huesca, will present a special program traveling to Bolea. The program will be recorded at the Collegiate Church of Bolea.\",\"breadcrumb\":{\"@id\":\"https:\/\/colegiatadebolea.es\/en\/ser-historia-in-the-collegiate-church-of-bolea\/#breadcrumb\"},\"inLanguage\":\"en-US\",\"potentialAction\":[{\"@type\":\"ReadAction\",\"target\":[\"https:\/\/colegiatadebolea.es\/en\/ser-historia-in-the-collegiate-church-of-bolea\/\"]}]},{\"@type\":\"ImageObject\",\"inLanguage\":\"en-US\",\"@id\":\"https:\/\/colegiatadebolea.es\/en\/ser-historia-in-the-collegiate-church-of-bolea\/#primaryimage\",\"url\":\"https:\/\/colegiatadebolea.es\/wp-content\/uploads\/colegiata-de-bolea-huesca-actualidad-ser-historia-cadena-ser-grabacion.jpg\",\"contentUrl\":\"https:\/\/colegiatadebolea.es\/wp-content\/uploads\/colegiata-de-bolea-huesca-actualidad-ser-historia-cadena-ser-grabacion.jpg\",\"width\":678,\"height\":381},{\"@type\":\"BreadcrumbList\",\"@id\":\"https:\/\/colegiatadebolea.es\/en\/ser-historia-in-the-collegiate-church-of-bolea\/#breadcrumb\",\"itemListElement\":[{\"@type\":\"ListItem\",\"position\":1,\"name\":\"Portada\",\"item\":\"https:\/\/colegiatadebolea.es\/en\/\"},{\"@type\":\"ListItem\",\"position\":2,\"name\":\"SER Historia in the Collegiate Church of Bolea\"}]},{\"@type\":\"WebSite\",\"@id\":\"https:\/\/colegiatadebolea.es\/en\/#website\",\"url\":\"https:\/\/colegiatadebolea.es\/en\/\",\"name\":\"Asociaci\u00f3n de Amigos de la Colegiata de Bolea - Huesca\",\"description\":\"Colegiata de Santa Mar\u00eda la Mayor de Bolea es una iglesia en la transici\u00f3n del g\u00f3tico al renacimiento construida entre 1541 y 1599 por Pedro de Ir\u00e1zabal. Retablo Mayor obra maestra de la pintura espa\u00f1ola del renacimiento.\",\"publisher\":{\"@id\":\"https:\/\/colegiatadebolea.es\/en\/#organization\"},\"alternateName\":\"Colegiata de Bolea\",\"potentialAction\":[{\"@type\":\"SearchAction\",\"target\":{\"@type\":\"EntryPoint\",\"urlTemplate\":\"https:\/\/colegiatadebolea.es\/en\/?s={search_term_string}\"},\"query-input\":{\"@type\":\"PropertyValueSpecification\",\"valueRequired\":true,\"valueName\":\"search_term_string\"}}],\"inLanguage\":\"en-US\"},{\"@type\":\"Organization\",\"@id\":\"https:\/\/colegiatadebolea.es\/en\/#organization\",\"name\":\"Asociaci\u00f3n de Amigos de la Colegiata de Bolea\",\"url\":\"https:\/\/colegiatadebolea.es\/en\/\",\"logo\":{\"@type\":\"ImageObject\",\"inLanguage\":\"en-US\",\"@id\":\"https:\/\/colegiatadebolea.es\/en\/#\/schema\/logo\/image\/\",\"url\":\"https:\/\/colegiatadebolea.es\/wp-content\/uploads\/colegiata-de-bolea-logoamigos-favicon.png\",\"contentUrl\":\"https:\/\/colegiatadebolea.es\/wp-content\/uploads\/colegiata-de-bolea-logoamigos-favicon.png\",\"width\":512,\"height\":512,\"caption\":\"Asociaci\u00f3n de Amigos de la Colegiata de Bolea\"},\"image\":{\"@id\":\"https:\/\/colegiatadebolea.es\/en\/#\/schema\/logo\/image\/\"},\"sameAs\":[\"https:\/\/www.facebook.com\/pages\/ColegiatadeBolea\/915137545269794\/\",\"https:\/\/www.instagram.com\/colegiatadebolea\"]},{\"@type\":\"Person\",\"@id\":\"https:\/\/colegiatadebolea.es\/en\/#\/schema\/person\/e2ffb8f4f91914329c5075b6c60aabc9\",\"name\":\"DavidR\",\"image\":{\"@type\":\"ImageObject\",\"inLanguage\":\"en-US\",\"@id\":\"https:\/\/colegiatadebolea.es\/en\/#\/schema\/person\/image\/\",\"url\":\"https:\/\/secure.gravatar.com\/avatar\/4ab470073904eadd68af73928f0f63de81b34e69730eb9d3156c6a2cc3e96bdf?s=96&d=mm&r=g\",\"contentUrl\":\"https:\/\/secure.gravatar.com\/avatar\/4ab470073904eadd68af73928f0f63de81b34e69730eb9d3156c6a2cc3e96bdf?s=96&d=mm&r=g\",\"caption\":\"DavidR\"}}]}<\/script>\n<!-- \/ Yoast SEO plugin. -->","yoast_head_json":{"title":"SER Historia in the Collegiate Church of Bolea - Asociaci\u00f3n de Amigos de la Colegiata de Bolea - Huesca","description":"SER Historia, a program from Cadena SER, along with Radio Huesca, will present a special program traveling to Bolea. The program will be recorded at the Collegiate Church of Bolea.","robots":{"index":"index","follow":"follow","max-snippet":"max-snippet:-1","max-image-preview":"max-image-preview:large","max-video-preview":"max-video-preview:-1"},"canonical":"https:\/\/colegiatadebolea.es\/en\/ser-historia-in-the-collegiate-church-of-bolea\/","og_locale":"en_US","og_type":"article","og_title":"SER Historia in the Collegiate Church of Bolea - Asociaci\u00f3n de Amigos de la Colegiata de Bolea - Huesca","og_description":"SER Historia, a program from Cadena SER, along with Radio Huesca, will present a special program traveling to Bolea. The program will be recorded at the Collegiate Church of Bolea.","og_url":"https:\/\/colegiatadebolea.es\/en\/ser-historia-in-the-collegiate-church-of-bolea\/","og_site_name":"Asociaci\u00f3n de Amigos de la Colegiata de Bolea - Huesca","article_publisher":"https:\/\/www.facebook.com\/pages\/ColegiatadeBolea\/915137545269794\/","article_published_time":"2025-09-28T08:14:39+00:00","article_modified_time":"2025-10-16T16:51:20+00:00","og_image":[{"width":678,"height":381,"url":"https:\/\/colegiatadebolea.es\/wp-content\/uploads\/colegiata-de-bolea-huesca-actualidad-ser-historia-cadena-ser-grabacion.jpg","type":"image\/jpeg"}],"author":"DavidR","twitter_card":"summary_large_image","twitter_misc":{"Written by":"DavidR","Est. reading time":"1 minute"},"schema":{"@context":"https:\/\/schema.org","@graph":[{"@type":"Article","@id":"https:\/\/colegiatadebolea.es\/en\/ser-historia-in-the-collegiate-church-of-bolea\/#article","isPartOf":{"@id":"https:\/\/colegiatadebolea.es\/en\/ser-historia-in-the-collegiate-church-of-bolea\/"},"author":{"name":"DavidR","@id":"https:\/\/colegiatadebolea.es\/en\/#\/schema\/person\/e2ffb8f4f91914329c5075b6c60aabc9"},"headline":"SER Historia in the Collegiate Church of Bolea","datePublished":"2025-09-28T08:14:39+00:00","dateModified":"2025-10-16T16:51:20+00:00","mainEntityOfPage":{"@id":"https:\/\/colegiatadebolea.es\/en\/ser-historia-in-the-collegiate-church-of-bolea\/"},"wordCount":139,"commentCount":0,"publisher":{"@id":"https:\/\/colegiatadebolea.es\/en\/#organization"},"image":{"@id":"https:\/\/colegiatadebolea.es\/en\/ser-historia-in-the-collegiate-church-of-bolea\/#primaryimage"},"thumbnailUrl":"https:\/\/colegiatadebolea.es\/wp-content\/uploads\/colegiata-de-bolea-huesca-actualidad-ser-historia-cadena-ser-grabacion.jpg","articleSection":["2025","Concerts","The Collegiate Church of Bolea"],"inLanguage":"en-US","potentialAction":[{"@type":"CommentAction","name":"Comment","target":["https:\/\/colegiatadebolea.es\/en\/ser-historia-in-the-collegiate-church-of-bolea\/#respond"]}]},{"@type":"WebPage","@id":"https:\/\/colegiatadebolea.es\/en\/ser-historia-in-the-collegiate-church-of-bolea\/","url":"https:\/\/colegiatadebolea.es\/en\/ser-historia-in-the-collegiate-church-of-bolea\/","name":"SER Historia in the Collegiate Church of Bolea - Asociaci\u00f3n de Amigos de la Colegiata de Bolea - Huesca","isPartOf":{"@id":"https:\/\/colegiatadebolea.es\/en\/#website"},"primaryImageOfPage":{"@id":"https:\/\/colegiatadebolea.es\/en\/ser-historia-in-the-collegiate-church-of-bolea\/#primaryimage"},"image":{"@id":"https:\/\/colegiatadebolea.es\/en\/ser-historia-in-the-collegiate-church-of-bolea\/#primaryimage"},"thumbnailUrl":"https:\/\/colegiatadebolea.es\/wp-content\/uploads\/colegiata-de-bolea-huesca-actualidad-ser-historia-cadena-ser-grabacion.jpg","datePublished":"2025-09-28T08:14:39+00:00","dateModified":"2025-10-16T16:51:20+00:00","description":"SER Historia, a program from Cadena SER, along with Radio Huesca, will present a special program traveling to Bolea. The program will be recorded at the Collegiate Church of Bolea.","breadcrumb":{"@id":"https:\/\/colegiatadebolea.es\/en\/ser-historia-in-the-collegiate-church-of-bolea\/#breadcrumb"},"inLanguage":"en-US","potentialAction":[{"@type":"ReadAction","target":["https:\/\/colegiatadebolea.es\/en\/ser-historia-in-the-collegiate-church-of-bolea\/"]}]},{"@type":"ImageObject","inLanguage":"en-US","@id":"https:\/\/colegiatadebolea.es\/en\/ser-historia-in-the-collegiate-church-of-bolea\/#primaryimage","url":"https:\/\/colegiatadebolea.es\/wp-content\/uploads\/colegiata-de-bolea-huesca-actualidad-ser-historia-cadena-ser-grabacion.jpg","contentUrl":"https:\/\/colegiatadebolea.es\/wp-content\/uploads\/colegiata-de-bolea-huesca-actualidad-ser-historia-cadena-ser-grabacion.jpg","width":678,"height":381},{"@type":"BreadcrumbList","@id":"https:\/\/colegiatadebolea.es\/en\/ser-historia-in-the-collegiate-church-of-bolea\/#breadcrumb","itemListElement":[{"@type":"ListItem","position":1,"name":"Portada","item":"https:\/\/colegiatadebolea.es\/en\/"},{"@type":"ListItem","position":2,"name":"SER Historia in the Collegiate Church of Bolea"}]},{"@type":"WebSite","@id":"https:\/\/colegiatadebolea.es\/en\/#website","url":"https:\/\/colegiatadebolea.es\/en\/","name":"Asociaci\u00f3n de Amigos de la Colegiata de Bolea - Huesca","description":"Colegiata de Santa Mar\u00eda la Mayor de Bolea es una iglesia en la transici\u00f3n del g\u00f3tico al renacimiento construida entre 1541 y 1599 por Pedro de Ir\u00e1zabal. Retablo Mayor obra maestra de la pintura espa\u00f1ola del renacimiento.","publisher":{"@id":"https:\/\/colegiatadebolea.es\/en\/#organization"},"alternateName":"Colegiata de Bolea","potentialAction":[{"@type":"SearchAction","target":{"@type":"EntryPoint","urlTemplate":"https:\/\/colegiatadebolea.es\/en\/?s={search_term_string}"},"query-input":{"@type":"PropertyValueSpecification","valueRequired":true,"valueName":"search_term_string"}}],"inLanguage":"en-US"},{"@type":"Organization","@id":"https:\/\/colegiatadebolea.es\/en\/#organization","name":"Asociaci\u00f3n de Amigos de la Colegiata de Bolea","url":"https:\/\/colegiatadebolea.es\/en\/","logo":{"@type":"ImageObject","inLanguage":"en-US","@id":"https:\/\/colegiatadebolea.es\/en\/#\/schema\/logo\/image\/","url":"https:\/\/colegiatadebolea.es\/wp-content\/uploads\/colegiata-de-bolea-logoamigos-favicon.png","contentUrl":"https:\/\/colegiatadebolea.es\/wp-content\/uploads\/colegiata-de-bolea-logoamigos-favicon.png","width":512,"height":512,"caption":"Asociaci\u00f3n de Amigos de la Colegiata de Bolea"},"image":{"@id":"https:\/\/colegiatadebolea.es\/en\/#\/schema\/logo\/image\/"},"sameAs":["https:\/\/www.facebook.com\/pages\/ColegiatadeBolea\/915137545269794\/","https:\/\/www.instagram.com\/colegiatadebolea"]},{"@type":"Person","@id":"https:\/\/colegiatadebolea.es\/en\/#\/schema\/person\/e2ffb8f4f91914329c5075b6c60aabc9","name":"DavidR","image":{"@type":"ImageObject","inLanguage":"en-US","@id":"https:\/\/colegiatadebolea.es\/en\/#\/schema\/person\/image\/","url":"https:\/\/secure.gravatar.com\/avatar\/4ab470073904eadd68af73928f0f63de81b34e69730eb9d3156c6a2cc3e96bdf?s=96&d=mm&r=g","contentUrl":"https:\/\/secure.gravatar.com\/avatar\/4ab470073904eadd68af73928f0f63de81b34e69730eb9d3156c6a2cc3e96bdf?s=96&d=mm&r=g","caption":"DavidR"}}]}},"_links":{"self":[{"href":"https:\/\/colegiatadebolea.es\/en\/wp-json\/wp\/v2\/posts\/11348","targetHints":{"allow":["GET"]}}],"collection":[{"href":"https:\/\/colegiatadebolea.es\/en\/wp-json\/wp\/v2\/posts"}],"about":[{"href":"https:\/\/colegiatadebolea.es\/en\/wp-json\/wp\/v2\/types\/post"}],"author":[{"embeddable":true,"href":"https:\/\/colegiatadebolea.es\/en\/wp-json\/wp\/v2\/users\/2"}],"replies":[{"embeddable":true,"href":"https:\/\/colegiatadebolea.es\/en\/wp-json\/wp\/v2\/comments?post=11348"}],"version-history":[{"count":4,"href":"https:\/\/colegiatadebolea.es\/en\/wp-json\/wp\/v2\/posts\/11348\/revisions"}],"predecessor-version":[{"id":11416,"href":"https:\/\/colegiatadebolea.es\/en\/wp-json\/wp\/v2\/posts\/11348\/revisions\/11416"}],"wp:featuredmedia":[{"embeddable":true,"href":"https:\/\/colegiatadebolea.es\/en\/wp-json\/wp\/v2\/media\/11343"}],"wp:attachment":[{"href":"https:\/\/colegiatadebolea.es\/en\/wp-json\/wp\/v2\/media?parent=11348"}],"wp:term":[{"taxonomy":"category","embeddable":true,"href":"https:\/\/colegiatadebolea.es\/en\/wp-json\/wp\/v2\/categories?post=11348"},{"taxonomy":"post_tag","embeddable":true,"href":"https:\/\/colegiatadebolea.es\/en\/wp-json\/wp\/v2\/tags?post=11348"}],"curies":[{"name":"wp","href":"https:\/\/api.w.org\/{rel}","templated":true}]}}